{"id":19319,"date":"2020-11-22T16:19:01","date_gmt":"2020-11-22T15:19:01","guid":{"rendered":"https:\/\/senzor.ba\/?p=19319"},"modified":"2024-01-15T21:42:20","modified_gmt":"2024-01-15T20:42:20","slug":"opcina-tesanj-vec-deset-godina-uspjesno-pomaze-mladima-u-otvaranju-vlastitih-biznisa","status":"publish","type":"post","link":"https:\/\/tvsensor.com\/clanak\/opcina-tesanj-vec-deset-godina-uspjesno-pomaze-mladima-u-otvaranju-vlastitih-biznisa\/","title":{"rendered":"Op\u0107ina Te\u0161anj ve\u0107 deset godina uspje\u0161no poma\u017ee mladima u otvaranju vlastitih biznisa"},"content":{"rendered":"\n<p>Op\u0107ina Te\u0161anj je prije deset godina pokrenula projekat podr\u0161ke mladim ljudima koji \u017eele otvoriti vlastitu firmu. U to je vrijeme to bio prvi projekat takve vrste.<\/p>\n\n\n\n<p>Jedna od prvih u\u010desnica ovog projekta je Edina Kosov\u010di\u0107-Mehmedovi\u0107 koja je u tre\u0107oj godini njegovog postojanja uzela u\u010de\u0161\u0107e i otvorila vrti\u0107 &#8220;Evlad\u201c. Ovaj se vrti\u0107 odr\u017eao i do dana\u0161njeg dana. Od dva uposlenika i sedmero djece, za sedam godina je narastao na sedam uposlenika i pedesetero djece.<\/p>\n\n\n\n<p>Edina Kosov\u010di\u0107-Mehmedovi\u0107 je 2009. godine zavr\u0161ila socijalnu pedagogiju na Islamskom pedago\u0161kom fakultetu u Zenici. Nakon zavr\u0161etka studija je volontirala, a prona\u0107i posao od kojeg bi mogla \u017eivjeti, bilo je te\u0161ko. Ka\u017ee da je prona\u0161la u zakonima kako bi se sa svojom strukom mogla baviti i pred\u0161kolskim odgojem.<\/p>\n\n\n\n<figure class=\"wp-block-image\"><img decoding=\"async\" src=\"https:\/\/www.aa.com.tr\/uploads\/userFiles\/2ce30255-3163-44ac-8efe-54428a040c56\/20201121_2_45473042_59933111.jpg\" alt=\"\"\/><\/figure>\n\n\n\n<p>&#8220;U Te\u0161nju nije bilo dovoljno vrti\u0107a, bila su dva registrovana u Pedago\u0161kom zavodu Zeni\u010dko-dobojskog kantona. Ja sam uo\u010dila tu potrebu, projekat je bio javno raspisan u Op\u0107ini. \u017deljela sam da se oku\u0161am, probala sam i eto, uspjelo mi je\u201c, Ka\u017ee u razgovoru za Anadolu Agency (AA) Kosov\u010di\u0107 &#8211; Mehmedovi\u0107, direktorica vrti\u0107a &#8220;Evlad\u201c.<\/p>\n\n\n\n<p>Jednostavno, ka\u017ee, ovaj projekat je vidjela kao svoju \u0161ansu. Pomo\u0107 koju je pritom dobila, mnogo joj je pomogla.<\/p>\n\n\n\n<p>&#8220;Pa, s obzirom na to da nismo imali prostor i generalno nam je bio problem u Te\u0161nju jer nije bilo namjenskih objekata, morali smo zna\u010di adaptirati prostor i pla\u0107ati kiriju, tako da je op\u0107ina godinu dana snosila ta sredstva i sredstva za doprinose za uposlene \u0161to je, naravno, bila odsko\u010dna daska za dalje\u201c, navodi Kosov\u010di\u0107-Mehmedovi\u0107.<br><\/p>\n\n\n\n<p>Samostalno otvoriti vrti\u0107, ka\u017ee, te\u0161ko da bi uspjela.<\/p>\n\n\n\n<p>&#8220;Pitanje je i da li bih probala s tim poslom, to mi je bila odsko\u010dna daska. Ili bih morala tra\u017eiti druga sredstva, ali, uglavnom, samostalno ne bih uspjela\u201c, dodaje Kosov\u010di\u0107-Mehmedovi\u0107.<\/p>\n\n\n\n<p>Va\u017ean cilj ovog projekta je izbjegavanje rada na crno te time i pomaganje dr\u017eavi.<\/p>\n\n\n\n<p>&#8220;Bila nam je \u017eelja da oni odmah po pokretanju biznisa izbjegavaju rad na crno, da budu poreski obveznici i da od trenutka kada postanu privrednici u narednih trideset-\u010detrdeset godina posluju po legalnim zakonima dr\u017eave i doprinose ukupnom razvoju op\u0107ine Te\u0161anj\u201c, isti\u010de na\u010delnik op\u0107ine Te\u0161anj Suad Huski\u0107, dodaju\u0107i kako je glavni zadatak op\u0107ine bio isfinansirati registraciju poslovnog subjekta u potpunosti i odre\u0111enom broju zaposlenih platiti pune doprinose tokom jedne ili dvije godine.<\/p>\n\n\n\n<figure class=\"wp-block-image\"><img decoding=\"async\" src=\"https:\/\/www.aa.com.tr\/uploads\/userFiles\/2ce30255-3163-44ac-8efe-54428a040c56\/20201121_2_45473042_59933112.jpg\" alt=\"\"\/><\/figure>\n\n\n\n<p>U nekim fazama su dali sredstva i za finansiranje zakupa poslovnog prostora, a nekada i sredstva za nabavku potrebne opreme.<\/p>\n\n\n\n<p>Prije nekoliko godina vrti\u0107 &#8220;Evlad\u201c je pre\u0161ao u ve\u0107i prostor jer je broj djece rastao, a prvobitni im je postao premali. Rad s djecom je poseban, isti\u010de direktorica ovog vrti\u0107a, ono \u0161to da\u0161, djeca posebno vrate.<\/p>\n\n\n\n<p>&#8220;Odgovornost, obaveze, mnogo je posla, jako mnogo, \u0161to se ne vidi. Imate jedno dijete kod ku\u0107e, dva roditelja, pa svi ka\u017eu, posla i obaveza mnogo, a kamoli toliko. Oni ovdje provedu ve\u0107i dio dana nego kod ku\u0107e\u201c, navodi Edina Kosov\u010di\u0107-Mehmedovi\u0107..<\/p>\n\n\n\n<p>Svaki je dan prilika za u\u010denje. A, to se posebno osjeti kada radi\u0161 sa djecom.<\/p>\n\n\n\n<p>&#8220;Bilo je trenutaka kada pomisli\u0161, eh, ne\u0107emo mo\u0107i dalje, pa onda se na\u0111e neki na\u010din. Krenula sam bez nekog iskustva, kad zavr\u0161i\u0161 fakultet, o\u010dekuje\u0161 da \u0107e\u0161 do\u0107i negdje i vidjeti kako neko radi, i ti \u0107e\u0161 uz njega. Ti ovdje mora\u0161 i\u0107i dalje, a ne zna\u0161 kako. Pa, istra\u017euje\u0161, pa kopa\u0161, pa tra\u017ei\u0161, pa ide\u0161, pa eto, do\u0111e\u0161 do cilja\u201c, isti\u010de Kosov\u010di\u0107-Mehmedovi\u0107.<\/p>\n\n\n\n<p>Nakon zavr\u0161etka studija informatike na Tehni\u010dkom fakultetu u Biha\u0107u 2017. godine, Ibnel Plan\u010di\u0107 je nekoliko mjeseci radio volonterski, ustvari u\u010dio zanat. Me\u0111utim, ve\u0107 2019. godine je razmi\u0161ljao o otvaranju firme. Isti\u010de kako je znao da Op\u0107ina Te\u0161anj ve\u0107 nekoliko godina raspisuje konkurs za prikupljanje start up ideja mladih.<\/p>\n\n\n\n<figure class=\"wp-block-image\"><img decoding=\"async\" src=\"https:\/\/www.aa.com.tr\/uploads\/userFiles\/2ce30255-3163-44ac-8efe-54428a040c56\/20201121_2_45473042_59933106.jpg\" alt=\"\"\/><\/figure>\n\n\n\n<p>I odlu\u010dio je da, ipak, sa\u010deka taj konkurs. Ve\u0107 u drugoj polovini 2019. godine je aplicirao na start up projekat sa idejom &#8220;Razvoj web stranica i web aplikacija\u201c. I bio je prvi na listi, \u0161to je kao rezultat imalo osnivanje njegove firme \u201eKibernetika\u201c.<\/p>\n\n\n\n<p>&#8220;Konkurs je objavljen u maju. Dok je procedura pro\u0161la, mislim da su ugovori potpisani krajem sedmog mjeseca ili po\u010detkom augusta. A, oko 20. augusta je ve\u0107 firma bila u pogonu\u201c, isti\u010de Plan\u010di\u0107.<\/p>\n\n\n\n<p>Op\u0107ina je dio novca odvojila za ono \u0161to je Plan\u010di\u0107u bilo potrebno, a dio je ostavljen za subvencije za pla\u0107e.<\/p>\n\n\n\n<p>&#8220;Op\u0107ina je davala subvenciju za dva radnika u trajanju od \u0161est mjeseci, tako da sam iskoristio tu subvenciju za sebe i jo\u0161 jednog radnika. Op\u0107ina je, tako\u0111er, dala novac za renoviranje poslovnog prostora, za kupovinu namje\u0161taja. I jo\u0161 sam iskoristio ta sredstva za kupovinu opreme. Ona je bila polovi\u010dna, dio od Op\u0107ine, a dio iz vlastitih sredstava\u201c, navodi Plan\u010di\u0107, dodaju\u0107i kako mu je podr\u0161ka op\u0107ine mnogo zna\u010dila jer je, rade\u0107i sa inostranim firmama, imao ono \u0161to su one tra\u017eile, a to je pravni oblik s kojim je i nastupao prema njima.<\/p>\n\n\n\n<p>On sada radi za \u0161vicarsko tr\u017ei\u0161te, a u Bosni i Hercegovini za sada nema klijenata.<\/p>\n\n\n\n<p>Od prvobitnih 70 firmi koliko ih je otvoreno u ovom desetogodi\u0161njem periodu, njih 59 se odr\u017ealo, \u0161to zna\u010di skoro 90 posto. Tako\u0111er, nastalo je vi\u0161e od 150 radnih mjesta samo kroz ovaj projekat.<\/p>\n\n\n\n<p>Prvih je godina Op\u0107ina Te\u0161anj samostalno finansirala projekte mladih, dvije godine je podr\u0161ku dalo Ministarstvo za rad i socijalnu politiku Zeni\u010dko-dobojskog kantona, a posljednje dvije tu je i podr\u0161ka Vlade \u0160vicarske kroz MEG projekat. Vlada \u0160vicarske je pomogla ne samo u pokretanju novih firmi, nego i u odr\u017eivosti firmi koje su ranije registrovali mladi poslodavci.<\/p>\n\n\n\n<p>Op\u0107ina Te\u0161anj je nekoliko godina iz svog bud\u017eeta finansirala mlade, me\u0111utim savjeti ve\u0107 priznatih te\u0161anjskih privrednika nisu izostali.<\/p>\n\n\n\n<p>&#8220;Mi smo uklju\u010dili iskusne poslodavce u ocjenu tih poslovnih ideja. Koristili smo potencijal ljudi sa prostora op\u0107ine Te\u0161anj da provodimo edukaciju, dovodili smo iskusne menad\u017eere te\u0161anjskih firmi koji su volonterski davali instrukcije o tome kako se pripremaju poslovne ideje, \u0161ta je poslovna prilika, kako uspje\u0161no voditi kompaniju i na taj na\u010din \u0161irili tu pozitivnu energiju, \u0161irili znanje i iskustvo koje imaju\u201c, ka\u017ee Huski\u0107.<\/p>\n\n\n\n<p>Navodi kako vjeruje da ako bi se analizirao ovaj projekat i njegovi efekti na cijelu Bosnu i Hercegovinu, zasigurno je da je ova op\u0107ina uradila dobru stvar za cijelu dr\u017eavu.<\/p>\n\n\n\n<p>Izvor: Agencije <\/p>\n","protected":false},"excerpt":{"rendered":"<p>Op\u0107ina Te\u0161anj je prije deset godina pokrenula projekat podr\u0161ke mladim ljudima koji \u017eele otvoriti vlastitu firmu. U to je vrijeme to bio prvi projekat takve vrste. Jedna od prvih u\u010desnica ovog projekta je Edina Kosov\u010di\u0107-Mehmedovi\u0107 koja je u tre\u0107oj godini njegovog postojanja uzela u\u010de\u0161\u0107e i otvorila vrti\u0107 &#8220;Evlad\u201c. Ovaj se vrti\u0107 odr\u017eao i do dana\u0161njeg [&hellip;]<\/p>\n","protected":false},"author":59,"featured_media":19320,"comment_status":"closed","ping_status":"closed","sticky":false,"template":"","format":"standard","meta":{"inline_featured_image":false,"footnotes":""},"categories":[379,383],"tags":[],"class_list":{"0":"post-19319","1":"post","2":"type-post","3":"status-publish","4":"format-standard","5":"has-post-thumbnail","7":"category-biznis","8":"category-startupi"},"acf":[],"_links":{"self":[{"href":"https:\/\/tvsensor.com\/api\/wp\/v2\/posts\/19319","targetHints":{"allow":["GET"]}}],"collection":[{"href":"https:\/\/tvsensor.com\/api\/wp\/v2\/posts"}],"about":[{"href":"https:\/\/tvsensor.com\/api\/wp\/v2\/types\/post"}],"author":[{"embeddable":true,"href":"https:\/\/tvsensor.com\/api\/wp\/v2\/users\/59"}],"replies":[{"embeddable":true,"href":"https:\/\/tvsensor.com\/api\/wp\/v2\/comments?post=19319"}],"version-history":[{"count":2,"href":"https:\/\/tvsensor.com\/api\/wp\/v2\/posts\/19319\/revisions"}],"predecessor-version":[{"id":19322,"href":"https:\/\/tvsensor.com\/api\/wp\/v2\/posts\/19319\/revisions\/19322"}],"wp:featuredmedia":[{"embeddable":true,"href":"https:\/\/tvsensor.com\/api\/wp\/v2\/media\/19320"}],"wp:attachment":[{"href":"https:\/\/tvsensor.com\/api\/wp\/v2\/media?parent=19319"}],"wp:term":[{"taxonomy":"category","embeddable":true,"href":"https:\/\/tvsensor.com\/api\/wp\/v2\/categories?post=19319"},{"taxonomy":"post_tag","embeddable":true,"href":"https:\/\/tvsensor.com\/api\/wp\/v2\/tags?post=19319"}],"curies":[{"name":"wp","href":"https:\/\/api.w.org\/{rel}","templated":true}]}}