{"id":19306,"date":"2020-11-22T12:41:26","date_gmt":"2020-11-22T11:41:26","guid":{"rendered":"https:\/\/senzor.ba\/?p=19306"},"modified":"2024-01-15T21:42:20","modified_gmt":"2024-01-15T20:42:20","slug":"veceras-policijski-sat-u-brcko-distriktu-bih","status":"publish","type":"post","link":"https:\/\/tvsensor.com\/clanak\/veceras-policijski-sat-u-brcko-distriktu-bih\/","title":{"rendered":"Ve\u010deras policijski sat u Br\u010dko distriktu BiH"},"content":{"rendered":"\n<p>Zbog te\u0161ke epidemiolo\u0161ke situacije na podru\u010dju Br\u010dko Distrikta od ve\u010deras od 22 do 5 ujutro na snazi je policijski sat.<\/p>\n\n\n\n<p>Tako\u0111e, zabranjuje se rad ugostiteljskih objekata, sportskih kladionica, teretana, fitnes-centara i sli\u010dnih djelatnosti koje se obavljaju u zatvorenom prostoru.<\/p>\n\n\n\n<p>Iz Kriznog \u0161taba su istakli i da se u narednih 15 dana obustavlja nastava u svim osnovnim i srednjim \u0161kolama. Direktor bolnice Du\u0161an Stoki\u0107 kazao je da je trenutno u br\u010danskoj bolnici situacija zabrinjavaju\u0107a.<\/p>\n\n\n\n<p>Izvor: federalna.ba<\/p>\n","protected":false},"excerpt":{"rendered":"<p>Zbog te\u0161ke epidemiolo\u0161ke situacije na podru\u010dju Br\u010dko Distrikta od ve\u010deras od 22 do 5 ujutro na snazi je policijski sat. Tako\u0111e, zabranjuje se rad ugostiteljskih objekata, sportskih kladionica, teretana, fitnes-centara i sli\u010dnih djelatnosti koje se obavljaju u zatvorenom prostoru. Iz Kriznog \u0161taba su istakli i da se u narednih 15 dana obustavlja nastava u svim [&hellip;]<\/p>\n","protected":false},"author":7,"featured_media":19307,"comment_status":"closed","ping_status":"closed","sticky":false,"template":"","format":"standard","meta":{"inline_featured_image":false,"footnotes":""},"categories":[37,38],"tags":[],"class_list":{"0":"post-19306","1":"post","2":"type-post","3":"status-publish","4":"format-standard","5":"has-post-thumbnail","7":"category-vijesti","8":"category-vijesti-iz-bih"},"acf":[],"_links":{"self":[{"href":"https:\/\/tvsensor.com\/api\/wp\/v2\/posts\/19306","targetHints":{"allow":["GET"]}}],"collection":[{"href":"https:\/\/tvsensor.com\/api\/wp\/v2\/posts"}],"about":[{"href":"https:\/\/tvsensor.com\/api\/wp\/v2\/types\/post"}],"author":[{"embeddable":true,"href":"https:\/\/tvsensor.com\/api\/wp\/v2\/users\/7"}],"replies":[{"embeddable":true,"href":"https:\/\/tvsensor.com\/api\/wp\/v2\/comments?post=19306"}],"version-history":[{"count":2,"href":"https:\/\/tvsensor.com\/api\/wp\/v2\/posts\/19306\/revisions"}],"predecessor-version":[{"id":19309,"href":"https:\/\/tvsensor.com\/api\/wp\/v2\/posts\/19306\/revisions\/19309"}],"wp:featuredmedia":[{"embeddable":true,"href":"https:\/\/tvsensor.com\/api\/wp\/v2\/media\/19307"}],"wp:attachment":[{"href":"https:\/\/tvsensor.com\/api\/wp\/v2\/media?parent=19306"}],"wp:term":[{"taxonomy":"category","embeddable":true,"href":"https:\/\/tvsensor.com\/api\/wp\/v2\/categories?post=19306"},{"taxonomy":"post_tag","embeddable":true,"href":"https:\/\/tvsensor.com\/api\/wp\/v2\/tags?post=19306"}],"curies":[{"name":"wp","href":"https:\/\/api.w.org\/{rel}","templated":true}]}}