{"id":19302,"date":"2020-11-22T12:38:21","date_gmt":"2020-11-22T11:38:21","guid":{"rendered":"https:\/\/senzor.ba\/?p=19302"},"modified":"2024-01-15T21:42:20","modified_gmt":"2024-01-15T20:42:20","slug":"somun-biden-je-znao-stati-na-pravu-stranu-u-toku-agresije-na-bih","status":"publish","type":"post","link":"https:\/\/tvsensor.com\/clanak\/somun-biden-je-znao-stati-na-pravu-stranu-u-toku-agresije-na-bih\/","title":{"rendered":"Somun: Biden je znao stati na pravu stranu u toku agresije na BiH"},"content":{"rendered":"\n<p>Na redovnoj sesiji &#8220;Kruga 99&#8221;, koja je odr\u017eana danas u online formatu govoreno je o temi koja je u posljednje vrijeme bila aktuelna ne samo u Bosni i Hercegovini nego i u svijetu, a to je novoizabrani ameri\u010dki predsjednik Joe Biden.<\/p>\n\n\n\n<p>Dana\u0161nja tema sesije &#8220;Kruga 99&#8221; bila je &#8220;BiH od Bajdena do Bajdena&#8221;.<\/p>\n\n\n\n<p>Predsjednik &#8220;Kruga 99&#8221;&nbsp;Adil&nbsp;Kulenovi\u0107 podsjetio je da je dana\u0161nja tema u posljednje vrijeme bila u \u017ei\u017ei javnosti.&nbsp;<\/p>\n\n\n\n<p>Kako je kazao, njegove rije\u010di za ljude u opkoljenom Sarajevu zna\u010dile su puno, davale optimizam i nadu da rat ne\u0107e vje\u010dno trajati.&nbsp;<\/p>\n\n\n\n<p>&#8220;Isto tako i ovog vremena i ovog trenutka u kojem se razmi\u0161lja da li \u0107e njegova administracija zaista biti dosljedna svim onim tezama i idejama sa kojim je Biden znao stati na pravu stranu u toku agresije na BiH&#8221;, pojasnio je&nbsp;Kulenovi\u0107.<\/p>\n\n\n\n<p>Smatra da se ljudi, koji se nadaju njegovoj inauguraciji, isto tako nadaju da \u0107e Amerika njegovim izborom obnoviti tu tzv. meku mo\u0107.<\/p>\n\n\n\n<p>Uvodni\u010dar Hajrudin Somun, novinar i diplomata, govorio je o li\u010dnim iskustvima i doga\u0111ajima koje je u to vrijeme pratio. Govorio je o doga\u0111ajima koji su obilje\u017eili potpisivanje Dejtonskog mirovnog sporazuma.&nbsp;<\/p>\n\n\n\n<p>&#8220;\u0160to se ti\u010de predsjednika Bidena i ako preuzme du\u017enost, sve ono \u0161to smo ovih dana slu\u0161ali i podsje\u0107ali se \u0161ta je govorio za vrijeme rata u BiH, jutros sam otkrio novu stvar za koju nisam znao kad je govorio o Tuzli. Da je bio u Tuzli i da je vidio kamion sa izbjeglicama, kako je to do\u017eivio.&nbsp;Rekao je da je gre\u0161ka Zapada, \u0161to se muslimanima u BiH nije dozvolilo da budu naoru\u017eani&#8221;, pojasnio je Somun.&nbsp;<\/p>\n\n\n\n<p>Dotakao se i potpisivanja Dejtonskog mirovnog sporazuma i pregovora.&nbsp;<\/p>\n\n\n\n<p>\u200b\u200b\u200b\u200b\u200b\u200b\u200bPodsjetio je da je u \u017denevi \u010desto imao priliku, kada je bio savjetnik bh. delegacije na pregovorima, da razgovara s du\u017enosnicima koji o tome odlu\u010divali, ali nikada nisu mogli osigurati ukidanje embarga iako je na to pozvao tada\u0161nji ameri\u010dki senator Joe Biden.<\/p>\n\n\n\n<p>Povodom&nbsp;godi\u0161njice&nbsp;potpisivanja Dejtonskog mirovnog sporazuma govorio je o&nbsp;tri najve\u0107e gre\u0161ke tog sporazuma. Radi se o davanju&nbsp;imena Republika Srpska, propustu za povratak izbjeglica kao i \u010dinjenica da je njegov dio Ustav BiH.<\/p>\n\n\n\n<p>Izvor: AA<\/p>\n","protected":false},"excerpt":{"rendered":"<p>Na redovnoj sesiji &#8220;Kruga 99&#8221;, koja je odr\u017eana danas u online formatu govoreno je o temi koja je u posljednje vrijeme bila aktuelna ne samo u Bosni i Hercegovini nego i u svijetu, a to je novoizabrani ameri\u010dki predsjednik Joe Biden. Dana\u0161nja tema sesije &#8220;Kruga 99&#8221; bila je &#8220;BiH od Bajdena do Bajdena&#8221;. Predsjednik &#8220;Kruga [&hellip;]<\/p>\n","protected":false},"author":7,"featured_media":19303,"comment_status":"closed","ping_status":"closed","sticky":false,"template":"","format":"standard","meta":{"inline_featured_image":false,"footnotes":""},"categories":[234,37,38],"tags":[],"class_list":{"0":"post-19302","1":"post","2":"type-post","3":"status-publish","4":"format-standard","5":"has-post-thumbnail","7":"category-politika","8":"category-vijesti","9":"category-vijesti-iz-bih"},"acf":[],"_links":{"self":[{"href":"https:\/\/tvsensor.com\/api\/wp\/v2\/posts\/19302","targetHints":{"allow":["GET"]}}],"collection":[{"href":"https:\/\/tvsensor.com\/api\/wp\/v2\/posts"}],"about":[{"href":"https:\/\/tvsensor.com\/api\/wp\/v2\/types\/post"}],"author":[{"embeddable":true,"href":"https:\/\/tvsensor.com\/api\/wp\/v2\/users\/7"}],"replies":[{"embeddable":true,"href":"https:\/\/tvsensor.com\/api\/wp\/v2\/comments?post=19302"}],"version-history":[{"count":2,"href":"https:\/\/tvsensor.com\/api\/wp\/v2\/posts\/19302\/revisions"}],"predecessor-version":[{"id":19305,"href":"https:\/\/tvsensor.com\/api\/wp\/v2\/posts\/19302\/revisions\/19305"}],"wp:featuredmedia":[{"embeddable":true,"href":"https:\/\/tvsensor.com\/api\/wp\/v2\/media\/19303"}],"wp:attachment":[{"href":"https:\/\/tvsensor.com\/api\/wp\/v2\/media?parent=19302"}],"wp:term":[{"taxonomy":"category","embeddable":true,"href":"https:\/\/tvsensor.com\/api\/wp\/v2\/categories?post=19302"},{"taxonomy":"post_tag","embeddable":true,"href":"https:\/\/tvsensor.com\/api\/wp\/v2\/tags?post=19302"}],"curies":[{"name":"wp","href":"https:\/\/api.w.org\/{rel}","templated":true}]}}