{"id":19031,"date":"2020-11-19T14:57:04","date_gmt":"2020-11-19T13:57:04","guid":{"rendered":"https:\/\/senzor.ba\/?p=19031"},"modified":"2024-01-15T21:42:28","modified_gmt":"2024-01-15T20:42:28","slug":"uhapsen-marokanac-koji-se-dovodi-u-vezu-s-ubistvom-u-otesu","status":"publish","type":"post","link":"https:\/\/tvsensor.com\/clanak\/uhapsen-marokanac-koji-se-dovodi-u-vezu-s-ubistvom-u-otesu\/","title":{"rendered":"Uhap\u0161en Marokanac koji se dovodi u vezu s ubistvom u Otesu"},"content":{"rendered":"\n<p>Sarajevska policija uhapsila je marokanskog migranta Hachama Aglarasa koji se sumnji\u010di da je u\u010destvovao u ubistvu bh. dr\u017eavljanina u Otesu kod Sarajeva, potvr\u0111eno je iz Uprave policije MUP-a KS i Tu\u017eila\u0161tva KS.&#8221;Lociran je i prona\u0111en na lokalitetu kod Energoinvesta, na podru\u010dju op\u0107ine Ilid\u017ea. Priveden je u slu\u017ebene prostorije Uprave policije MUP-a KS. Vr\u0161e se odre\u0111ene provjere i kriminalisti\u010dka obrada&#8221;, kazao je Mirza Had\u017eiabdi\u0107 iz Uprave policije MUP-a.<\/p>\n\n\n\n<p>Za drugom dvojicom osumnji\u010denih se i dalje traga, potvrdila je Azra Bav\u010di\u0107 iz Tu\u017eila\u0161tva KS.<\/p>\n\n\n\n<p><img decoding=\"async\" alt=\"Policija pretra\u017euje teren (Foto: D. \u0106.\/Klix.ba)\" src=\"https:\/\/static.klix.ba\/media\/images\/vijesti\/201119070.3_xl.jpg?v=2\"><\/p>\n\n\n\n<p>Advokat Mirsad Crnovr\u0161anin pojasnio je za Klix.ba da \u0107e, ukoliko se Marokanac dovede u vezu s ubistvom u Otesu, on biti upu\u0107en na izdr\u017eavanje ranije uvjetne kazne zatvora od \u010detiri mjeseca.<\/p>\n\n\n\n<p>Aglaras je, kako smo ranije pisali, pritvoren krajem pro\u0161le godine nakon \u0161to je u oktobru 2019. godine, prilikom policijskog pretresa, kod njega prona\u0111ena odre\u0111ena koli\u010dina marihuane, ta\u010dnije sedam kesa ilegalne droge.<\/p>\n\n\n\n<p><img decoding=\"async\" alt=\"Policija pretra\u017euje teren (Foto: D. \u0106.\/Klix.ba)\" src=\"https:\/\/static.klix.ba\/media\/images\/vijesti\/201119070.2_xl.jpg?v=2\"><\/p>\n\n\n\n<p>Zbog toga je Aglarasu Op\u0107inski sud u Sarajevu odredio uslovnu kaznu od \u010detiri mjeseca. Drugim rije\u010dima &#8211; pu\u0161ten je na slobodu.<\/p>\n\n\n\n<p>Aglaras je tada opisan kao migrant s prijavljenim prebivali\u0161tem u kampu U\u0161ivak u Had\u017ei\u0107ima.<\/p>\n\n\n\n<p><img decoding=\"async\" alt=\"Policija pretra\u017euje teren (Foto: D. \u0106.\/Klix.ba)\" src=\"https:\/\/static.klix.ba\/media\/images\/vijesti\/201119070.4_xl.jpg?v=2\"><\/p>\n\n\n\n<p>&#8220;Nakon hap\u0161enja \u0107e mu biti dodijeljen pravni zastupnik po slu\u017ebenoj du\u017enosti&#8221;, kazao je advokat Crnovr\u0161anin koji ga je ranije zastupao.<\/p>\n\n\n\n<p>Obavje\u0161tajno-sigurnosna agencija BiH u\u010destvovala je u pronalasku osumnji\u010denog.<\/p>\n\n\n\n<p>Klix.ba<\/p>\n","protected":false},"excerpt":{"rendered":"<p>Sarajevska policija uhapsila je marokanskog migranta Hachama Aglarasa koji se sumnji\u010di da je u\u010destvovao u ubistvu bh. dr\u017eavljanina u Otesu kod Sarajeva, potvr\u0111eno je iz Uprave policije MUP-a KS i Tu\u017eila\u0161tva KS.&#8221;Lociran je i prona\u0111en na lokalitetu kod Energoinvesta, na podru\u010dju op\u0107ine Ilid\u017ea. Priveden je u slu\u017ebene prostorije Uprave policije MUP-a KS. Vr\u0161e se odre\u0111ene [&hellip;]<\/p>\n","protected":false},"author":59,"featured_media":19032,"comment_status":"closed","ping_status":"closed","sticky":false,"template":"","format":"standard","meta":{"inline_featured_image":false,"footnotes":""},"categories":[38],"tags":[],"class_list":{"0":"post-19031","1":"post","2":"type-post","3":"status-publish","4":"format-standard","5":"has-post-thumbnail","7":"category-vijesti-iz-bih"},"acf":[],"_links":{"self":[{"href":"https:\/\/tvsensor.com\/api\/wp\/v2\/posts\/19031","targetHints":{"allow":["GET"]}}],"collection":[{"href":"https:\/\/tvsensor.com\/api\/wp\/v2\/posts"}],"about":[{"href":"https:\/\/tvsensor.com\/api\/wp\/v2\/types\/post"}],"author":[{"embeddable":true,"href":"https:\/\/tvsensor.com\/api\/wp\/v2\/users\/59"}],"replies":[{"embeddable":true,"href":"https:\/\/tvsensor.com\/api\/wp\/v2\/comments?post=19031"}],"version-history":[{"count":1,"href":"https:\/\/tvsensor.com\/api\/wp\/v2\/posts\/19031\/revisions"}],"predecessor-version":[{"id":19033,"href":"https:\/\/tvsensor.com\/api\/wp\/v2\/posts\/19031\/revisions\/19033"}],"wp:featuredmedia":[{"embeddable":true,"href":"https:\/\/tvsensor.com\/api\/wp\/v2\/media\/19032"}],"wp:attachment":[{"href":"https:\/\/tvsensor.com\/api\/wp\/v2\/media?parent=19031"}],"wp:term":[{"taxonomy":"category","embeddable":true,"href":"https:\/\/tvsensor.com\/api\/wp\/v2\/categories?post=19031"},{"taxonomy":"post_tag","embeddable":true,"href":"https:\/\/tvsensor.com\/api\/wp\/v2\/tags?post=19031"}],"curies":[{"name":"wp","href":"https:\/\/api.w.org\/{rel}","templated":true}]}}