{"id":19025,"date":"2020-11-19T11:53:51","date_gmt":"2020-11-19T10:53:51","guid":{"rendered":"https:\/\/senzor.ba\/?p=19025"},"modified":"2024-01-15T21:42:28","modified_gmt":"2024-01-15T20:42:28","slug":"leonardo-dicaprio-ponovo-trazi-da-novalic-zastiti-bh-rijeke","status":"publish","type":"post","link":"https:\/\/tvsensor.com\/clanak\/leonardo-dicaprio-ponovo-trazi-da-novalic-zastiti-bh-rijeke\/","title":{"rendered":"Leonardo DiCaprio ponovo tra\u017ei da Novali\u0107 za\u0161titi bh. rijeke"},"content":{"rendered":"\n<p>Premijer Fadil Novali\u0107 ponovo je centru pozornosti onih koji se bore za za\u0161titu okoli\u0161a. Naime, ameri\u010dki glumac i aktivista za za\u0161titu \u017eivotne sredine Leonardo DiCaprio, ponovo ga je spomenuo na svom zvani\u010dnom Instagram profilu.<\/p>\n\n\n\n<p>Ovaj put, zatra\u017eio je da Novali\u0107 poduzme pravne mjere za za\u0161titu sredina od posebnog prirodnog zna\u010daja. Naro\u010dito je istakao potrebu za\u0161tite \u201ePlavog srca\u201c od gradnje minihidroelektarana, \u010dime bi se ovaj vodotok za\u0161titio od daljenjeg uni\u0161tavanja.<\/p>\n\n\n\n<figure class=\"wp-block-image size-large\"><img loading=\"lazy\" decoding=\"async\" width=\"827\" height=\"475\" src=\"https:\/\/tvsensor.com\/wp-content\/uploads\/2020\/11\/Screenshot_2020-11-18-Leonardo-DiCaprio-na-Instagramu-While-we-wait-for-the-Federal-Prime-Minister-and-his-government-in-Bo....jpg\" alt=\"\" class=\"wp-image-19026\" srcset=\"https:\/\/tvsensor.com\/wp-content\/uploads\/2020\/11\/Screenshot_2020-11-18-Leonardo-DiCaprio-na-Instagramu-While-we-wait-for-the-Federal-Prime-Minister-and-his-government-in-Bo....jpg 827w, https:\/\/tvsensor.com\/wp-content\/uploads\/2020\/11\/Screenshot_2020-11-18-Leonardo-DiCaprio-na-Instagramu-While-we-wait-for-the-Federal-Prime-Minister-and-his-government-in-Bo...-150x86.jpg 150w, https:\/\/tvsensor.com\/wp-content\/uploads\/2020\/11\/Screenshot_2020-11-18-Leonardo-DiCaprio-na-Instagramu-While-we-wait-for-the-Federal-Prime-Minister-and-his-government-in-Bo...-768x441.jpg 768w, https:\/\/tvsensor.com\/wp-content\/uploads\/2020\/11\/Screenshot_2020-11-18-Leonardo-DiCaprio-na-Instagramu-While-we-wait-for-the-Federal-Prime-Minister-and-his-government-in-Bo...-300x172.jpg 300w, https:\/\/tvsensor.com\/wp-content\/uploads\/2020\/11\/Screenshot_2020-11-18-Leonardo-DiCaprio-na-Instagramu-While-we-wait-for-the-Federal-Prime-Minister-and-his-government-in-Bo...-696x400.jpg 696w\" sizes=\"auto, (max-width: 827px) 100vw, 827px\" \/><\/figure>\n\n\n\n<p>U svom postu objavio je i fotografiju iz Albanije, istakav\u0161i da bi Vjosa, jedna od europskih divljih rijeka, mogla biti za\u0161ti\u0107ena, te da bi mogla poslu\u017eiti kao primjer modela Strategije biolo\u0161ke raznolikosti u okviru Zelenog sporazuma u budu\u0107nosti.<\/p>\n\n\n\n<p>&#8220;Dok \u010dekamo da premijer Federacije i njegova Vlada u Bosni i Hercegovini poduzmu pravne korake kako bi za\u0161titili rijeke &#8220;Plavo srce&#8221; u zemlji od daljnjeg uni\u0161tavanja malim hidroelektranama, iz Albanije sti\u017eu vrlo obe\u0107avaju\u0107e vijesti. Vjosa, jedna od posljednjih velikih europskih divljih rijeka, mogla bi biti spa\u0161ena od razvoja hidroenergije. 25. septembra, albanski premijer Edi Rama objavio je da je projekt brane Kaliva\u00e7 odbijen i da \u0107e to podru\u010dje postati nacionalni park. Nacionalni park Vjosa &#8211; Wild River postao bi najve\u0107e europsko mjesto za o\u010duvanje rijeka koje pokriva nekoliko stotina kilometara rijeka i potoka i \u0161titi stotine ili \u010dak hiljade vrsta poput globalno ugro\u017eene europske jegulje i nedavno otkrivene Vjosa kamene muhe. To bi bilo veliko postignu\u0107e za Albaniju i ostatak Europe, a park bi mogao postati uzor Strategiji biolo\u0161ke raznolikosti u okviru Zelenog sporazuma. Radujem se dobrim vijestima i konkretnim akcijama za trajnu i potpunu za\u0161titu rijeka u Bosni i Hercegovini, Albaniji i ostatku balkanske regije Plavo srce&#8221;, naglasio je DiCaprio.<\/p>\n\n\n\n<p>Izvor: federalna.ba<\/p>\n","protected":false},"excerpt":{"rendered":"<p>Premijer Fadil Novali\u0107 ponovo je centru pozornosti onih koji se bore za za\u0161titu okoli\u0161a. Naime, ameri\u010dki glumac i aktivista za za\u0161titu \u017eivotne sredine Leonardo DiCaprio, ponovo ga je spomenuo na svom zvani\u010dnom Instagram profilu. Ovaj put, zatra\u017eio je da Novali\u0107 poduzme pravne mjere za za\u0161titu sredina od posebnog prirodnog zna\u010daja. Naro\u010dito je istakao potrebu za\u0161tite [&hellip;]<\/p>\n","protected":false},"author":7,"featured_media":19027,"comment_status":"closed","ping_status":"closed","sticky":false,"template":"","format":"standard","meta":{"inline_featured_image":false,"footnotes":""},"categories":[41,37],"tags":[],"class_list":{"0":"post-19025","1":"post","2":"type-post","3":"status-publish","4":"format-standard","5":"has-post-thumbnail","7":"category-svijet","8":"category-vijesti"},"acf":[],"_links":{"self":[{"href":"https:\/\/tvsensor.com\/api\/wp\/v2\/posts\/19025","targetHints":{"allow":["GET"]}}],"collection":[{"href":"https:\/\/tvsensor.com\/api\/wp\/v2\/posts"}],"about":[{"href":"https:\/\/tvsensor.com\/api\/wp\/v2\/types\/post"}],"author":[{"embeddable":true,"href":"https:\/\/tvsensor.com\/api\/wp\/v2\/users\/7"}],"replies":[{"embeddable":true,"href":"https:\/\/tvsensor.com\/api\/wp\/v2\/comments?post=19025"}],"version-history":[{"count":2,"href":"https:\/\/tvsensor.com\/api\/wp\/v2\/posts\/19025\/revisions"}],"predecessor-version":[{"id":19029,"href":"https:\/\/tvsensor.com\/api\/wp\/v2\/posts\/19025\/revisions\/19029"}],"wp:featuredmedia":[{"embeddable":true,"href":"https:\/\/tvsensor.com\/api\/wp\/v2\/media\/19027"}],"wp:attachment":[{"href":"https:\/\/tvsensor.com\/api\/wp\/v2\/media?parent=19025"}],"wp:term":[{"taxonomy":"category","embeddable":true,"href":"https:\/\/tvsensor.com\/api\/wp\/v2\/categories?post=19025"},{"taxonomy":"post_tag","embeddable":true,"href":"https:\/\/tvsensor.com\/api\/wp\/v2\/tags?post=19025"}],"curies":[{"name":"wp","href":"https:\/\/api.w.org\/{rel}","templated":true}]}}