{"id":19021,"date":"2020-11-19T09:48:21","date_gmt":"2020-11-19T08:48:21","guid":{"rendered":"https:\/\/senzor.ba\/?p=19021"},"modified":"2024-01-15T21:42:28","modified_gmt":"2024-01-15T20:42:28","slug":"zapadnom-balkanu-potrebna-alijansa-zeljeznickih-operatora-u-putnickom-prevozu","status":"publish","type":"post","link":"https:\/\/tvsensor.com\/clanak\/zapadnom-balkanu-potrebna-alijansa-zeljeznickih-operatora-u-putnickom-prevozu\/","title":{"rendered":"Zapadnom Balkanu potrebna alijansa \u017eeljezni\u010dkih operatora u putni\u010dkom prevozu"},"content":{"rendered":"\n<p>Zamjenik ministra komunikacija i transporta u Savjetu ministara Ned\u017ead Brankovi\u0107 istakao je da je prije sedamdesetak godina mre\u017ea \u017eeljezni\u010dkih pruga u BiH bila ve\u0107a za 60 odsto od dana\u0161nje, te da je razvoj u zemlji donio sa sobom i nazadovanje \u017eeljezni\u010dkog saobra\u0107aja, posebno putni\u010dkog.<\/p>\n\n\n\n<p>Brankovi\u0107 je istakao da bi, prilago\u0111avanjem zakonodavstva BiH iz domena saobra\u0107aja zakonodavstvu EU, bili stvoreni preduslovi da se na grani\u010dnim prelazima sa susjednim zemljama po\u010dnu primjenjivati principi unapre\u0111enja \u017eeljezni\u010dkog putni\u010dkog saobra\u0107aja, posebno u kontekstu olak\u0161anog prelaska granica za putnike i prtljag, a sve u kontekstu Rezolucije 264.<\/p>\n\n\n\n<p>On je, u\u010destvuju\u0107i na onlajn radionici o razvoju me\u0111unarodnog \u017eeljezni\u010dkog putni\u010dkog saobra\u0107aja, rekao da posebnu pa\u017enju treba posvetiti uticaju virusa korona na \u017eeljezni\u010dki prevoz putnika, saop\u0161teno je iz Ministarstva komunikacija i transporta u Savjetu ministara.<\/p>\n\n\n\n<p>Nagla\u0161avaju\u0107i da je dana\u0161nja situacija veoma te\u0161ka za sve vidove putni\u010dkog prevoza, Brankovi\u0107 je rekao da \u017eeljezni\u010dki prevoz putnika ima kompetitivnu prednost u odnosu na avio-saobra\u0107aj, jer omogu\u0107ava distancu me\u0111u ljudima.<\/p>\n\n\n\n<p><strong>&#8220;Zato je potrebno da zajedno ulo\u017eimo dodatne napore i iskoristimo prednosti koje \u017eeljeznica trenutno ima. Potrebno je uspostaviti jasne i sprovedive protokole koji \u0107e definisati na\u010din pona\u0161anja u slu\u010daju sumnje da je neko od putnika zara\u017een&#8221;<\/strong>, rekao je Brankovi\u0107.<\/p>\n\n\n\n<p>Prema njegovim rije\u010dima, jedan od mogu\u0107ih na\u010dina prevazila\u017eenja ovih problema jeste i uspostavljanje regionalne alijanse \u017eeljezni\u010dkih operatora u putni\u010dkom prevozu na zapadnom Balkanu.<\/p>\n\n\n\n<p>Brankovi\u0107 smatra da se na taj na\u010din mo\u017ee lak\u0161e stremiti ka skra\u0107ivanju procedura i njihovom pojednostavljivanju na grani\u010dnim prelazima, a sve s ciljem stvaranja kvalitetne, bezbjedne, ekolo\u0161ki prihvatljive i, na kraju krajeva, tr\u017ei\u0161no atraktivnije usluge prevoza putnika \u017eeljeznicom.\u00a0<\/p>\n\n\n\n<p>Izvor:&nbsp;Akta.ba<\/p>\n","protected":false},"excerpt":{"rendered":"<p>Zamjenik ministra komunikacija i transporta u Savjetu ministara Ned\u017ead Brankovi\u0107 istakao je da je prije sedamdesetak godina mre\u017ea \u017eeljezni\u010dkih pruga u BiH bila ve\u0107a za 60 odsto od dana\u0161nje, te da je razvoj u zemlji donio sa sobom i nazadovanje \u017eeljezni\u010dkog saobra\u0107aja, posebno putni\u010dkog. Brankovi\u0107 je istakao da bi, prilago\u0111avanjem zakonodavstva BiH iz domena saobra\u0107aja [&hellip;]<\/p>\n","protected":false},"author":59,"featured_media":19022,"comment_status":"closed","ping_status":"closed","sticky":false,"template":"","format":"standard","meta":{"inline_featured_image":false,"footnotes":""},"categories":[42],"tags":[],"class_list":{"0":"post-19021","1":"post","2":"type-post","3":"status-publish","4":"format-standard","5":"has-post-thumbnail","7":"category-ekonomija"},"acf":[],"_links":{"self":[{"href":"https:\/\/tvsensor.com\/api\/wp\/v2\/posts\/19021","targetHints":{"allow":["GET"]}}],"collection":[{"href":"https:\/\/tvsensor.com\/api\/wp\/v2\/posts"}],"about":[{"href":"https:\/\/tvsensor.com\/api\/wp\/v2\/types\/post"}],"author":[{"embeddable":true,"href":"https:\/\/tvsensor.com\/api\/wp\/v2\/users\/59"}],"replies":[{"embeddable":true,"href":"https:\/\/tvsensor.com\/api\/wp\/v2\/comments?post=19021"}],"version-history":[{"count":1,"href":"https:\/\/tvsensor.com\/api\/wp\/v2\/posts\/19021\/revisions"}],"predecessor-version":[{"id":19023,"href":"https:\/\/tvsensor.com\/api\/wp\/v2\/posts\/19021\/revisions\/19023"}],"wp:featuredmedia":[{"embeddable":true,"href":"https:\/\/tvsensor.com\/api\/wp\/v2\/media\/19022"}],"wp:attachment":[{"href":"https:\/\/tvsensor.com\/api\/wp\/v2\/media?parent=19021"}],"wp:term":[{"taxonomy":"category","embeddable":true,"href":"https:\/\/tvsensor.com\/api\/wp\/v2\/categories?post=19021"},{"taxonomy":"post_tag","embeddable":true,"href":"https:\/\/tvsensor.com\/api\/wp\/v2\/tags?post=19021"}],"curies":[{"name":"wp","href":"https:\/\/api.w.org\/{rel}","templated":true}]}}