{"id":18997,"date":"2020-11-19T09:04:34","date_gmt":"2020-11-19T08:04:34","guid":{"rendered":"https:\/\/senzor.ba\/?p=18997"},"modified":"2024-01-15T21:42:29","modified_gmt":"2024-01-15T20:42:29","slug":"ja-jesam-srbin-ali-ne-po-profesiji-pogledajte-kako-je-bogic-bogicevic-zadao-odlucni-udarac-slobodanu-milosevicu-video","status":"publish","type":"post","link":"https:\/\/tvsensor.com\/clanak\/ja-jesam-srbin-ali-ne-po-profesiji-pogledajte-kako-je-bogic-bogicevic-zadao-odlucni-udarac-slobodanu-milosevicu-video\/","title":{"rendered":"\u201eJA JESAM SRBIN, ALI NE PO PROFESIJI\u2026\u201c: Pogledajte kako je Bogi\u0107 Bogi\u0107evi\u0107 zadao odlu\u010dni udarac Slobodanu Milo\u0161evi\u0107u"},"content":{"rendered":"\n<p>Bogi\u0107 Bogi\u0107evi\u0107 ro\u0111en je 1953. godine u Ugljeviku, a \u010dlan Predsjedni\u0161tva SFRJ je bio od 16. maja 1989. do septembra 1991. godine<\/p>\n\n\n\n<p>Primarni kandidat Socijaldemokratske partije BiH za novog gradona\u010delnika Sarajeva i jedino ime koje je za sada u opticaju je Bogi\u0107 Bogi\u0107evi\u0107, potvrdio je za Fenu sekretar Izbornog \u0161taba SDP-a BiH Nerin Dizdar.<\/p>\n\n\n\n<p>Kako navodi Dizdar, SDP-u je, prema dogovoru \u201c\u010detvorke\u201d, pripalo mjesto gradona\u010delnika Sarajeva i, nakon pobjede ovih stranaka na lokalnim izborima u sarajevskim gradskim op\u0107inama, njihov prijedlog je Bogi\u0107evi\u0107 \u201ckao utjelovljenje ne samo duha Sarajeva nego cijele BiH\u201d.<\/p>\n\n\n\n<p>Mada niti jedno drugo ime nije za sada u opticaju, ukoliko Bogi\u0107evi\u0107 ne bude mogao prihvatiti du\u017enost iz zdravstvenih ili nekih drugih razloga, kandidat \u0107e biti \u201cosoba njegovog kalibra\u201d koja \u0107e pokazati Sarajevo kao glavni grad cijele BiH, naveo je Dizdar.<\/p>\n\n\n\n<p>Da bi se izabrao gradona\u010delnik Sarajeva, naprije se moraju fomirati op\u0107inska vije\u0107a, iz kojih se potom formira Gradsko vije\u0107e, koje u kona\u010dnici bira gradona\u010delnika.<\/p>\n\n\n\n<p>Bogi\u0107 Bogi\u0107evi\u0107 je ro\u0111en 1953. godine u Ugljeviku, a \u010dlan Predsjedni\u0161tva SFRJ je bio od 16. maja 1989. do septembra 1991. godine.<\/p>\n\n\n\n<p>Najpoznatiji je kao u\u010desnik historijske sjednice Predsjedni\u0161tva SFRJ koja se odr\u017eala 12. marta 1991. godine, kada je ovaj organ odlu\u010divao o uvo\u0111enju vanrednog stanja u SFRJ. Formalno, vojni vrh predla\u017ee podizanje borbene spremnosti, ali je stvarni cilj bio dr\u017eavnim udarom uvesti vojnu upravu u Sloveniju i Hrvatsku te vojno-politi\u010dkim mjerama sru\u0161iti politi\u010dko vodstvo u Bosni i Hercegovini i Makedoniji.<\/p>\n\n\n\n<figure class=\"wp-block-embed is-type-video is-provider-youtube wp-block-embed-youtube wp-embed-aspect-4-3 wp-has-aspect-ratio\"><div class=\"wp-block-embed__wrapper\">\n<iframe loading=\"lazy\" title=\"The Death Of Yugoslavia [2\/6] - The Road to War [5\/5]\" width=\"696\" height=\"522\" src=\"https:\/\/www.youtube.com\/embed\/zlDUwwKDRnc?feature=oembed\" frameborder=\"0\" allow=\"accelerometer; autoplay; clipboard-write; encrypted-media; gyroscope; picture-in-picture\" allowfullscreen><\/iframe>\n<\/div><\/figure>\n\n\n\n<p>Bogi\u0107evi\u0107 je glasao protiv.<\/p>\n\n\n\n<p>Promilo\u0161evi\u0107evski \u010dlanovi Predsjedni\u0161tva SFRJ ra\u010dunali su na njegov glas, ali na njihovo iznena\u0111enje, Bogi\u0107evi\u0107 je dao glas protiv.<\/p>\n\n\n\n<figure class=\"wp-block-embed is-type-video is-provider-youtube wp-block-embed-youtube wp-embed-aspect-4-3 wp-has-aspect-ratio\"><div class=\"wp-block-embed__wrapper\">\n<iframe loading=\"lazy\" title=\"The Death Of Yugoslavia [2\/6] - The Road to War [4\/5]\" width=\"696\" height=\"522\" src=\"https:\/\/www.youtube.com\/embed\/7XlJ5KmUJZw?feature=oembed\" frameborder=\"0\" allow=\"accelerometer; autoplay; clipboard-write; encrypted-media; gyroscope; picture-in-picture\" allowfullscreen><\/iframe>\n<\/div><\/figure>\n\n\n\n<p><\/p>\n","protected":false},"excerpt":{"rendered":"<p>Bogi\u0107 Bogi\u0107evi\u0107 ro\u0111en je 1953. godine u Ugljeviku, a \u010dlan Predsjedni\u0161tva SFRJ je bio od 16. maja 1989. do septembra 1991. godine Primarni kandidat Socijaldemokratske partije BiH za novog gradona\u010delnika Sarajeva i jedino ime koje je za sada u opticaju je Bogi\u0107 Bogi\u0107evi\u0107, potvrdio je za Fenu sekretar Izbornog \u0161taba SDP-a BiH Nerin Dizdar. Kako [&hellip;]<\/p>\n","protected":false},"author":59,"featured_media":18998,"comment_status":"closed","ping_status":"closed","sticky":false,"template":"","format":"standard","meta":{"inline_featured_image":false,"footnotes":""},"categories":[47],"tags":[],"class_list":{"0":"post-18997","1":"post","2":"type-post","3":"status-publish","4":"format-standard","5":"has-post-thumbnail","7":"category-historija"},"acf":[],"_links":{"self":[{"href":"https:\/\/tvsensor.com\/api\/wp\/v2\/posts\/18997","targetHints":{"allow":["GET"]}}],"collection":[{"href":"https:\/\/tvsensor.com\/api\/wp\/v2\/posts"}],"about":[{"href":"https:\/\/tvsensor.com\/api\/wp\/v2\/types\/post"}],"author":[{"embeddable":true,"href":"https:\/\/tvsensor.com\/api\/wp\/v2\/users\/59"}],"replies":[{"embeddable":true,"href":"https:\/\/tvsensor.com\/api\/wp\/v2\/comments?post=18997"}],"version-history":[{"count":2,"href":"https:\/\/tvsensor.com\/api\/wp\/v2\/posts\/18997\/revisions"}],"predecessor-version":[{"id":28051,"href":"https:\/\/tvsensor.com\/api\/wp\/v2\/posts\/18997\/revisions\/28051"}],"wp:featuredmedia":[{"embeddable":true,"href":"https:\/\/tvsensor.com\/api\/wp\/v2\/media\/18998"}],"wp:attachment":[{"href":"https:\/\/tvsensor.com\/api\/wp\/v2\/media?parent=18997"}],"wp:term":[{"taxonomy":"category","embeddable":true,"href":"https:\/\/tvsensor.com\/api\/wp\/v2\/categories?post=18997"},{"taxonomy":"post_tag","embeddable":true,"href":"https:\/\/tvsensor.com\/api\/wp\/v2\/tags?post=18997"}],"curies":[{"name":"wp","href":"https:\/\/api.w.org\/{rel}","templated":true}]}}