{"id":18909,"date":"2020-11-17T15:28:30","date_gmt":"2020-11-17T14:28:30","guid":{"rendered":"https:\/\/senzor.ba\/?p=18909"},"modified":"2024-01-15T21:42:32","modified_gmt":"2024-01-15T20:42:32","slug":"ljekarska-komora-tk-primjetan-povecan-broj-zdravstvenih-radnika-oboljelih-od-covida","status":"publish","type":"post","link":"https:\/\/tvsensor.com\/clanak\/ljekarska-komora-tk-primjetan-povecan-broj-zdravstvenih-radnika-oboljelih-od-covida\/","title":{"rendered":"Ljekarska komora TK: Primjetan pove\u0107an broj zdravstvenih radnika oboljelih od Covida"},"content":{"rendered":"\n<p>Ljekarska komora i Sindikat doktora medicine i stomatologije TK sa zabrinuto\u0161\u0107u prate kretanje pandemije i pove\u0107anje broja oboljelih sa Covid 19 infekcijom. Primjetno je pove\u0107anje broja oboljelih zdravstvenih radnika na podru\u010dju TK, osobito unutar JZU UKC Tuzla.<\/p>\n\n\n\n<p>\u2018\u2019O\u010dito je da je virus Covid 19 u\u0161ao u zdravstvene institucije koje funkcioniraju sa poja\u010danim naporom i nau\u0161trb ostalih oboljelih. Jo\u0161 jednom pozivamo gra\u0111ane TK da se pridr\u017eavaju predlo\u017eenih mjera i upustava datih od Kriznog \u0161taba Ministarstva zdravstva TK, a Kriznom \u0161tabu preporu\u010dujemo da se poja\u010daju mjere nadzora i aktivnosti inspekcijskih slu\u017ebi, intezivira suradnja sa Ministarstvom unutarnjih poslova i da se ograni\u010di rad ugostiteljskih i uslu\u017enih objekata u no\u0107nim satima\u2019\u2019, navodi se u saop\u0107enju.<\/p>\n\n\n\n<p>Izvor: federalna.ba<\/p>\n","protected":false},"excerpt":{"rendered":"<p>Ljekarska komora i Sindikat doktora medicine i stomatologije TK sa zabrinuto\u0161\u0107u prate kretanje pandemije i pove\u0107anje broja oboljelih sa Covid 19 infekcijom. Primjetno je pove\u0107anje broja oboljelih zdravstvenih radnika na podru\u010dju TK, osobito unutar JZU UKC Tuzla. \u2018\u2019O\u010dito je da je virus Covid 19 u\u0161ao u zdravstvene institucije koje funkcioniraju sa poja\u010danim naporom i nau\u0161trb [&hellip;]<\/p>\n","protected":false},"author":7,"featured_media":18910,"comment_status":"closed","ping_status":"closed","sticky":false,"template":"","format":"standard","meta":{"inline_featured_image":false,"footnotes":""},"categories":[37,38],"tags":[],"class_list":{"0":"post-18909","1":"post","2":"type-post","3":"status-publish","4":"format-standard","5":"has-post-thumbnail","7":"category-vijesti","8":"category-vijesti-iz-bih"},"acf":[],"_links":{"self":[{"href":"https:\/\/tvsensor.com\/api\/wp\/v2\/posts\/18909","targetHints":{"allow":["GET"]}}],"collection":[{"href":"https:\/\/tvsensor.com\/api\/wp\/v2\/posts"}],"about":[{"href":"https:\/\/tvsensor.com\/api\/wp\/v2\/types\/post"}],"author":[{"embeddable":true,"href":"https:\/\/tvsensor.com\/api\/wp\/v2\/users\/7"}],"replies":[{"embeddable":true,"href":"https:\/\/tvsensor.com\/api\/wp\/v2\/comments?post=18909"}],"version-history":[{"count":2,"href":"https:\/\/tvsensor.com\/api\/wp\/v2\/posts\/18909\/revisions"}],"predecessor-version":[{"id":18912,"href":"https:\/\/tvsensor.com\/api\/wp\/v2\/posts\/18909\/revisions\/18912"}],"wp:featuredmedia":[{"embeddable":true,"href":"https:\/\/tvsensor.com\/api\/wp\/v2\/media\/18910"}],"wp:attachment":[{"href":"https:\/\/tvsensor.com\/api\/wp\/v2\/media?parent=18909"}],"wp:term":[{"taxonomy":"category","embeddable":true,"href":"https:\/\/tvsensor.com\/api\/wp\/v2\/categories?post=18909"},{"taxonomy":"post_tag","embeddable":true,"href":"https:\/\/tvsensor.com\/api\/wp\/v2\/tags?post=18909"}],"curies":[{"name":"wp","href":"https:\/\/api.w.org\/{rel}","templated":true}]}}