{"id":18905,"date":"2020-11-17T15:24:18","date_gmt":"2020-11-17T14:24:18","guid":{"rendered":"https:\/\/senzor.ba\/?p=18905"},"modified":"2024-01-15T21:42:32","modified_gmt":"2024-01-15T20:42:32","slug":"tk-hoce-li-novoizabrani-nacelnici-gradonacelnici-u-vijecima-imati-podrsku","status":"publish","type":"post","link":"https:\/\/tvsensor.com\/clanak\/tk-hoce-li-novoizabrani-nacelnici-gradonacelnici-u-vijecima-imati-podrsku\/","title":{"rendered":"TK &#8211; Ho\u0107e li novoizabrani na\u010delnici\/gradona\u010delnici u vije\u0107ima imati podr\u0161ku?"},"content":{"rendered":"\n<p>Preliminarni i jo\u0161 uvijek nepotpuni rezultati lokalnih izbora na podru\u010dju Tuzlanskog kantona, kada su u pitanju na\u010delni\u010dke i gradona\u010delni\u010dke pozicije pokazuju da su kandidati SDA osvojili \u010detiri na\u010delni\u010dke pozicije na ovom podru\u010dju i to u \u017divinicama, Teo\u010daku, Doboj Istoku i Banovi\u0107ima.<\/p>\n\n\n\n<p>Kandidati SDP-a su na tri gradona\u010delni\u010dke pozicije u Tuzli, Grada\u010dcu i Gra\u010danici, PDA je osvojio dvije u Sapni i Kladnju, Socijaldemokrati i Stranka za Bosnu i Hercegovinu ulaze sa po jednom na\u010delni\u010dkom pozicijom u Lukavcu i \u010celi\u0107u, dok je jednu gradona\u010delni\u010dku poziciju osvojio nezavisni kandidat i to u Srebreniku.<\/p>\n\n\n\n<p>I dalje je neizvjesno jedino u Kalesiji, gdje jo\u0161 uvijek traje utrka izme\u0111u kandidata Nezavisne bosanskohercegova\u010dke liste i kandidata SDA.<\/p>\n\n\n\n<p>Ostaje otvoreno pitanje ho\u0107e li stari\/novi na\u010delnici i gradona\u010delnici u novim mandatima imati podr\u0161ke op\u0107inskih\/gradskih vije\u0107a?<\/p>\n\n\n\n<p>Izvor: federalna.ba<\/p>\n","protected":false},"excerpt":{"rendered":"<p>Preliminarni i jo\u0161 uvijek nepotpuni rezultati lokalnih izbora na podru\u010dju Tuzlanskog kantona, kada su u pitanju na\u010delni\u010dke i gradona\u010delni\u010dke pozicije pokazuju da su kandidati SDA osvojili \u010detiri na\u010delni\u010dke pozicije na ovom podru\u010dju i to u \u017divinicama, Teo\u010daku, Doboj Istoku i Banovi\u0107ima. Kandidati SDP-a su na tri gradona\u010delni\u010dke pozicije u Tuzli, Grada\u010dcu i Gra\u010danici, PDA je [&hellip;]<\/p>\n","protected":false},"author":7,"featured_media":18906,"comment_status":"closed","ping_status":"closed","sticky":false,"template":"","format":"standard","meta":{"inline_featured_image":false,"footnotes":""},"categories":[234,37,38],"tags":[],"class_list":{"0":"post-18905","1":"post","2":"type-post","3":"status-publish","4":"format-standard","5":"has-post-thumbnail","7":"category-politika","8":"category-vijesti","9":"category-vijesti-iz-bih"},"acf":[],"_links":{"self":[{"href":"https:\/\/tvsensor.com\/api\/wp\/v2\/posts\/18905","targetHints":{"allow":["GET"]}}],"collection":[{"href":"https:\/\/tvsensor.com\/api\/wp\/v2\/posts"}],"about":[{"href":"https:\/\/tvsensor.com\/api\/wp\/v2\/types\/post"}],"author":[{"embeddable":true,"href":"https:\/\/tvsensor.com\/api\/wp\/v2\/users\/7"}],"replies":[{"embeddable":true,"href":"https:\/\/tvsensor.com\/api\/wp\/v2\/comments?post=18905"}],"version-history":[{"count":2,"href":"https:\/\/tvsensor.com\/api\/wp\/v2\/posts\/18905\/revisions"}],"predecessor-version":[{"id":18908,"href":"https:\/\/tvsensor.com\/api\/wp\/v2\/posts\/18905\/revisions\/18908"}],"wp:featuredmedia":[{"embeddable":true,"href":"https:\/\/tvsensor.com\/api\/wp\/v2\/media\/18906"}],"wp:attachment":[{"href":"https:\/\/tvsensor.com\/api\/wp\/v2\/media?parent=18905"}],"wp:term":[{"taxonomy":"category","embeddable":true,"href":"https:\/\/tvsensor.com\/api\/wp\/v2\/categories?post=18905"},{"taxonomy":"post_tag","embeddable":true,"href":"https:\/\/tvsensor.com\/api\/wp\/v2\/tags?post=18905"}],"curies":[{"name":"wp","href":"https:\/\/api.w.org\/{rel}","templated":true}]}}