{"id":18901,"date":"2020-11-17T15:14:36","date_gmt":"2020-11-17T14:14:36","guid":{"rendered":"https:\/\/senzor.ba\/?p=18901"},"modified":"2024-01-15T21:42:32","modified_gmt":"2024-01-15T20:42:32","slug":"karamehic-ako-se-vakcinise-60-posto-stanovnistva-moze-se-ocekivati-zaustavljanje-infekcije","status":"publish","type":"post","link":"https:\/\/tvsensor.com\/clanak\/karamehic-ako-se-vakcinise-60-posto-stanovnistva-moze-se-ocekivati-zaustavljanje-infekcije\/","title":{"rendered":"Karamehi\u0107: Ako se vakcini\u0161e 60 posto stanovni\u0161tva, mo\u017ee se o\u010dekivati zaustavljanje infekcije"},"content":{"rendered":"\n<p>Imunolog Jasenko Karamehi\u0107 smatra da epidemiolo\u0161ka situacija jeste te\u0161ka i neizvjesna, ali ima mjesta optimizmu posebno zbog \u010dinjenice da bi ve\u0107 naredni mjesec na tr\u017ei\u0161tu mogla biti dostupna vakcina protiv virusa korona.<\/p>\n\n\n\n<p>Dotad stanovni\u0161tvu preporu\u010duje da se jo\u0161 malo strpi i po\u0161tuje higijensko-socijalne mjere.<\/p>\n\n\n\n<p>&#8211; Onaj ko odlu\u010duje o nabavci vakcina prvo bi trebalo da sagleda gdje \u0107e je skladi\u0161titi i pod kojim uvjetima, kako \u0107e je transportovati i pod kojim uvjetima. Sve to proizvo\u0111a\u010d navede, to su otvorene procedure. Treba pro\u010ditati procedure, protokole, odabrati proizvo\u0111a\u010da pa se odlu\u010diti za naju\u010dinkovitiju vakcinu, sa najmanje ne\u017eeljenih posljedica. Stanovni\u0161tvo neka se jo\u0161 malo strpi higijensko-socijalnim mjerama, koje su dobre &#8211; naglasio je prof. dr. Karamehi\u0107.<\/p>\n\n\n\n<p>Mi\u0161ljenja je da bi svaka od vakcina protiv virusa korona koja je dosad ura\u0111ena bila dobra, a preporu\u010da vakcinu koja zahtijeva ne\u0161to lak\u0161e uvjete za \u010duvanje.<\/p>\n\n\n\n<p>&#8211; Bolje je imati vakcinu da prekine \u0161irenje virusa, nego biti bez vakcine. Ako se vakcini\u0161e 60 posto stanovni\u0161tva, mo\u017ee se o\u010dekivati da bude zaustavljeno \u0161irenje infekcije&nbsp; &#8211; pojasnio je.<\/p>\n\n\n\n<p>Kako isti\u010de, vakcina bi ve\u0107 za nekoliko sedmica trebalo da bude spremna za distribuciju u svijetu, ali i ka\u017ee &#8216;niko ne mo\u017ee proizvesti sedam milijardi vakcina, koliko ima ljudi na svijetu&#8217;.<\/p>\n\n\n\n<p>&#8211; I tim fabrikama treba vrijeme. Treba kupiti odre\u0111enu koli\u010dinu vakcina za najranjivije grupe stanovni\u0161tva kao \u0161to su zdravstveni radnici i oni koji rade u javnim slu\u017ebama, kroni\u010dne bolesnike&#8230;. Poslije, kako se bude proizvodnja pove\u0107avala, ponovo aplicirati za dodatne koli\u010dine. Pola godine ili godinu dana mogu sa\u010dekati na vakcinu mla\u0111e osobe jer je njihov imunitet bolji \u2013 naglasio je.<\/p>\n\n\n\n<p>Profesor Karamehi\u0107 ka\u017ee da njega, kao predsjednika Udru\u017eenja imunologa BiH niti nekog od njegovih kolega, od po\u010detka epidemije virusa korona dosad nije niko konsultirao za mi\u0161ljenje.<\/p>\n\n\n\n<p>&#8211; Po\u0161tujem kolege drugih specijalnosti koji treba da u\u010destvuju u \u010ditavoj ovoj situaciji, ali niko od njih ne poznaje imunologiju. Oni dobro poznaju svoje discipline, a imunologiju samo imunolozi sa velikim iskustvom i znanjem. Niko nas ovdje nije konsultirao dok su mene, od po\u010detka epidemije, istovremeno konsultirali iz mnogih najrazvijenijih dr\u017eava \u0161irom svijeta, gdje sam \u017eivio i radio. Zato i jesam u toku sa svim &#8211; naglasio je.<\/p>\n\n\n\n<p>Za trenutnu epidemiolo\u0161ku situaciju ka\u017ee da je umjereni optimista, a na osnovu \u010dinjenica govori da iskustva iz drugih dr\u017eava (Kina, Japan, Ju\u017ena Koreja &#8230;) pokazuju da je mogu\u0107e uspje\u0161no prevazi\u0107i i ovu situaciju.<\/p>\n\n\n\n<p>&#8211; Ima dr\u017eava u svijetu, ogromno podru\u010dje sa dvije milijarde stanovnika, koje su virus korona pobijedile i bez vakcine. Ti ljudi su sli\u010dni nama, ako su oni mogli to pobijediti za\u0161to ne bismo mogli i mi. Stanovni\u0161tvo se treba jo\u0161 malo strpiti, do dolaska vakcine. Ne bi trebalo dugo to da potraje. Sve zavisi od reakcije, u na\u0161oj dr\u017eavi nadle\u017enih za to, kako se budu organizirali &#8211; kazao je.<\/p>\n\n\n\n<p>Podsje\u0107a da se, na po\u010detku epidemije, stanovni\u0161tvo u BiH dosta dobro pridr\u017eavalo higijensko-socijalnih mjera \u0161to je davalo i efekte. Poslije, ka\u017ee, nisu bili toliko disciplinirani i ne zna da li su se umorili od toga ili je neki drugi razlog u pitanju.<\/p>\n\n\n\n<p>&#8211; Bolje je jo\u0161 malo sa\u010dekati, dr\u017eati se mjera i tako sa\u010duvati svoje i zdravlje bli\u017enjih i svih ljudi oko sebe &#8211; naglasio je.<\/p>\n\n\n\n<p>Navr\u0161ila se godina otkad je u Kini zabilje\u017een prvi slu\u010daj virusa korona, a vakcina je ve\u0107 prona\u0111ena. Po mi\u0161ljenju imunologa Karamehi\u0107a prebrzo se do\u0161lo do vakcine. Ka\u017ee da je to &#8216;iznu\u0111eno rje\u0161enje, nije nauka tra\u017eila da se vakcina proizvede za sedam do osam mjeseci kad se zna da se na otkri\u0107u vakcine u normalnim uvjetima radi deset i vi\u0161e godina&#8217;.<\/p>\n\n\n\n<p>&#8211; Me\u0111utim, ovaj virus bacio je na koljena cijeli svijet. Kad bi se \u010dekalo godinama, ne znam da li bi vakcinu imali kome i dati. Ovaj virus je opasan za ljude, jo\u0161 je te\u017ei za ekonomiju. Ako ovako nastavi, u narednu deceniju ili deceniju i pol, ekonomija \u0107e pasti na koljena. Ipak, ima mjesta za optimizam. Vakcina \u0107e brzo do\u0107i, moramo se pridr\u017eavati mjera. Osim toga bilo je, kroz povijest medicine, jo\u0161 pandemija pa je nauka pobijedila. Pobijedit \u0107e i COVID -19, i to \u0107e se zvati ju\u010der &#8211; naglasio je.<\/p>\n\n\n\n<p>Za trenutnu epidemiolo\u0161ku situaciju u BiH i regiji te \u010detverocifrene brojeve zara\u017eenih ka\u017ee da je o\u010dekivana te podsje\u0107a na pune pla\u017ee tokom ljeta i godi\u0161njih odmora gdje su po tradiciji dolazili ljudi iz evropskih dr\u017eava, koje &#8216;sad imaju veliki broj oboljelih&#8217;.<\/p>\n\n\n\n<p>&#8211; Trenutno stanje je odgovor na ono od ljetos, na nedisciplinu. Nismo se pridr\u017eavali mjera, nismo nau\u010dili ni\u0161ta iz prvog talasa. Mi u Evropi, ali niti u svijetu &#8211; poru\u010dio je prof. dr. Karamehi\u0107.<\/p>\n\n\n\n<p>Predsjednik Udru\u017eenja imunologa BiH prof. dr. Jasenko Karamehi\u0107 ima bogato iskustvo, koje je stekao rade\u0107i u Evropi, Aziji i SAD. Svrstan je i me\u0111u najbolje ocijenjene u elektronskoj bazi podataka za znanstvenike iz cijelog svijeta koja prati njihov rad sa vi\u0161e aspekata i to kvantificira. To je jedna od najve\u0107ih baza podataka, koja obuhvata vi\u0161e od 17 miliona nau\u010dnika iz cijelog svijeta.<\/p>\n\n\n\n<p>Navr\u0161ila se godina dana otkako je u Kini registriran prvi slu\u010daj virusa korona. Dosad je u svijetu tim virusom zara\u017eeno malo vi\u0161e od 55 miliona ljudi, a od oboljenja koje izaziva taj virus (COVID-19) preminule su 1.333.042 osobe. Oporavilo ih se vi\u0161e od 38 miliona.<\/p>\n\n\n\n<p>U Bosni i Hercegovini je, od progla\u0161enja prvog slu\u010daja zaraze (mart 2020.), dosad potvr\u0111eno\u00a073.944 slu\u010daja zaraze virusom korona, a testirano je 378.617\u00a0osoba. Umrlo je 2.042 pacijenta, oporavljeno je 38.660.<\/p>\n\n\n\n<p>Izvor: Fena <\/p>\n","protected":false},"excerpt":{"rendered":"<p>Imunolog Jasenko Karamehi\u0107 smatra da epidemiolo\u0161ka situacija jeste te\u0161ka i neizvjesna, ali ima mjesta optimizmu posebno zbog \u010dinjenice da bi ve\u0107 naredni mjesec na tr\u017ei\u0161tu mogla biti dostupna vakcina protiv virusa korona. Dotad stanovni\u0161tvu preporu\u010duje da se jo\u0161 malo strpi i po\u0161tuje higijensko-socijalne mjere. &#8211; Onaj ko odlu\u010duje o nabavci vakcina prvo bi trebalo da [&hellip;]<\/p>\n","protected":false},"author":7,"featured_media":18902,"comment_status":"closed","ping_status":"closed","sticky":false,"template":"","format":"standard","meta":{"inline_featured_image":false,"footnotes":""},"categories":[37,38],"tags":[119,356,426,353,425],"class_list":{"0":"post-18901","1":"post","2":"type-post","3":"status-publish","4":"format-standard","5":"has-post-thumbnail","7":"category-vijesti","8":"category-vijesti-iz-bih","9":"tag-bosna-i-hercegovina","10":"tag-covid-19","11":"tag-jasenko-karamehic","12":"tag-koronavirus","13":"tag-vakcina"},"acf":[],"_links":{"self":[{"href":"https:\/\/tvsensor.com\/api\/wp\/v2\/posts\/18901","targetHints":{"allow":["GET"]}}],"collection":[{"href":"https:\/\/tvsensor.com\/api\/wp\/v2\/posts"}],"about":[{"href":"https:\/\/tvsensor.com\/api\/wp\/v2\/types\/post"}],"author":[{"embeddable":true,"href":"https:\/\/tvsensor.com\/api\/wp\/v2\/users\/7"}],"replies":[{"embeddable":true,"href":"https:\/\/tvsensor.com\/api\/wp\/v2\/comments?post=18901"}],"version-history":[{"count":2,"href":"https:\/\/tvsensor.com\/api\/wp\/v2\/posts\/18901\/revisions"}],"predecessor-version":[{"id":18904,"href":"https:\/\/tvsensor.com\/api\/wp\/v2\/posts\/18901\/revisions\/18904"}],"wp:featuredmedia":[{"embeddable":true,"href":"https:\/\/tvsensor.com\/api\/wp\/v2\/media\/18902"}],"wp:attachment":[{"href":"https:\/\/tvsensor.com\/api\/wp\/v2\/media?parent=18901"}],"wp:term":[{"taxonomy":"category","embeddable":true,"href":"https:\/\/tvsensor.com\/api\/wp\/v2\/categories?post=18901"},{"taxonomy":"post_tag","embeddable":true,"href":"https:\/\/tvsensor.com\/api\/wp\/v2\/tags?post=18901"}],"curies":[{"name":"wp","href":"https:\/\/api.w.org\/{rel}","templated":true}]}}