{"id":18754,"date":"2020-11-17T06:10:07","date_gmt":"2020-11-17T05:10:07","guid":{"rendered":"https:\/\/senzor.ba\/?p=18754"},"modified":"2024-01-15T21:42:37","modified_gmt":"2024-01-15T20:42:37","slug":"moja-adresa-srebrenica-u-srebrenici-desetine-glasale-bez-dokumenata-srpske-stranke-gaze-zakone-drzave-bih","status":"publish","type":"post","link":"https:\/\/tvsensor.com\/clanak\/moja-adresa-srebrenica-u-srebrenici-desetine-glasale-bez-dokumenata-srpske-stranke-gaze-zakone-drzave-bih\/","title":{"rendered":"&#8220;Moja adresa: Srebrenica&#8221;: U Srebrenici desetine glasale bez dokumenata, srpske stranke gaze zakone dr\u017eave BiH"},"content":{"rendered":"\n<p>Zajedni\u010dka lista &#8220;Moja adresa: Srebrenica&#8221; uputila je \u017ealbu Centralnoj izbornoj komisiji BiH te je zatra\u017eila da se pokrene istraga o licima koja su pristupila glasanju u Srebrenici bez va\u017ee\u0107ih dokumenata Bosne i Hercegovine, kao i protiv lica koja su, kao \u010dlanovi bira\u010dkih odbora, dopustili ovo grubo kr\u0161enje Izbornog zakona BiH.<\/p>\n\n\n\n<p>&#8220;Imamo informaciju da je najmanje 1.400 lica koja se nalaze na bira\u010dkom spisku u Srebrenicu prije mjesec dana nisu imali nijedan va\u017ee\u0107i dokument BiH &#8211; li\u010dnu kartu, voza\u010dku dozvolu ili paso\u0161. Uvidom u bira\u010dke spiskove i pra\u0107enje izlaznosti na izborima, posebno na bira\u010dkim mjestima u Skelanima, utvrdili smo da je zabilje\u017eena izlaznost desetina lica koja nisu imala va\u017ee\u0107e dokumente. Provjere je u\u010diniti lahko, neka CIK i Tu\u017eila\u0161tvo BiH uzmu bira\u010dki spisak, provjere ko se potpisao da je iza\u0161ao na izbore. Onda neka s MUP-om uzmu iste informacije o va\u017ee\u0107im dokumentima i uvjere se &#8211; ko je glasao, a da na dan izbora nije imao va\u017ee\u0107e dokumente. Dovoljno je da imamo 20 imena i prezimena za koje mo\u017eemo ovo tvrditi, a imamo ih vi\u0161e, da se dovede u pitanje legalitet i integritet izbornog procesa&#8221;, poru\u010duju iz inicijative &#8220;Moja adresa: Srebrenica&#8221;.<\/p>\n\n\n\n<p>Iz Inicijative poru\u010duju da \u0107e se trenutno vodstvo Mladena Gruji\u010di\u0107a izgubiti s prebrojavanjem glasova iz Federacije BiH i glasova po\u0161tom iz inostranstva, te da \u0107e mala razlika izme\u0111u dva kandidata u\u010diniti da ovakvi &#8220;upitni&#8221; glasovi iz Skelana mogu biti i presudni.<\/p>\n\n\n\n<p>&#8220;Trpili smo prevare kada je jasno bilo da se po Srbiji registruju glasa\u010di putem po\u0161te na fiktivnim adresama. Nastavili smo dalje i kad je bilo jasno da \u0107e automobilima i autobusima dovoziti glasa\u010de iz Srbije. Nismo se predali ni kada su kasnili s dostavljanjem glasa\u010dkih listi\u0107a za na\u0161e ljude u Americi i \u0161irom dijaspore. Jedva smo se izborili s poku\u0161ajima da Gruji\u010di\u0107 i MUP RS-a provuku nove glasa\u010de po zaklju\u010denju bira\u010dkog spiska. A sada vidimo da su uspjeli podvaliti i ljude bez dokumenata. Zar Srebrenica zaslu\u017euje da se ovdje de\u0161avaju tako jasne i otvorene prevare, da se tako gazi volja Bo\u0161njaka koji su se vratili? Ovih dana se u Srebrenici brane zakoni dr\u017eave Bosne i Hercegovine. Ko \u0107e nam se pridru\u017eiti u toj borbi, a ko \u0107e ostati nijem i zanesen izborima preko Bentba\u0161e i daleko od Drine, odredit \u0107e mjesto svakoga od nas u knjigama historije na\u0161eg naroda&#8221;, zaklju\u010duju iz Inicijative &#8220;Moja adresa: Srebrenica&#8221;.<\/p>\n","protected":false},"excerpt":{"rendered":"<p>Zajedni\u010dka lista &#8220;Moja adresa: Srebrenica&#8221; uputila je \u017ealbu Centralnoj izbornoj komisiji BiH te je zatra\u017eila da se pokrene istraga o licima koja su pristupila glasanju u Srebrenici bez va\u017ee\u0107ih dokumenata Bosne i Hercegovine, kao i protiv lica koja su, kao \u010dlanovi bira\u010dkih odbora, dopustili ovo grubo kr\u0161enje Izbornog zakona BiH. &#8220;Imamo informaciju da je najmanje [&hellip;]<\/p>\n","protected":false},"author":59,"featured_media":18755,"comment_status":"closed","ping_status":"closed","sticky":false,"template":"","format":"standard","meta":{"inline_featured_image":false,"footnotes":""},"categories":[38],"tags":[],"class_list":{"0":"post-18754","1":"post","2":"type-post","3":"status-publish","4":"format-standard","5":"has-post-thumbnail","7":"category-vijesti-iz-bih"},"acf":[],"_links":{"self":[{"href":"https:\/\/tvsensor.com\/api\/wp\/v2\/posts\/18754","targetHints":{"allow":["GET"]}}],"collection":[{"href":"https:\/\/tvsensor.com\/api\/wp\/v2\/posts"}],"about":[{"href":"https:\/\/tvsensor.com\/api\/wp\/v2\/types\/post"}],"author":[{"embeddable":true,"href":"https:\/\/tvsensor.com\/api\/wp\/v2\/users\/59"}],"replies":[{"embeddable":true,"href":"https:\/\/tvsensor.com\/api\/wp\/v2\/comments?post=18754"}],"version-history":[{"count":1,"href":"https:\/\/tvsensor.com\/api\/wp\/v2\/posts\/18754\/revisions"}],"predecessor-version":[{"id":18756,"href":"https:\/\/tvsensor.com\/api\/wp\/v2\/posts\/18754\/revisions\/18756"}],"wp:featuredmedia":[{"embeddable":true,"href":"https:\/\/tvsensor.com\/api\/wp\/v2\/media\/18755"}],"wp:attachment":[{"href":"https:\/\/tvsensor.com\/api\/wp\/v2\/media?parent=18754"}],"wp:term":[{"taxonomy":"category","embeddable":true,"href":"https:\/\/tvsensor.com\/api\/wp\/v2\/categories?post=18754"},{"taxonomy":"post_tag","embeddable":true,"href":"https:\/\/tvsensor.com\/api\/wp\/v2\/tags?post=18754"}],"curies":[{"name":"wp","href":"https:\/\/api.w.org\/{rel}","templated":true}]}}