{"id":18709,"date":"2020-11-16T17:09:45","date_gmt":"2020-11-16T16:09:45","guid":{"rendered":"https:\/\/senzor.ba\/?p=18709"},"modified":"2024-01-15T21:42:37","modified_gmt":"2024-01-15T20:42:37","slug":"otvorena-manifestacija-dani-islamske-tradicije-bosnjaka","status":"publish","type":"post","link":"https:\/\/tvsensor.com\/clanak\/otvorena-manifestacija-dani-islamske-tradicije-bosnjaka\/","title":{"rendered":"OTVORENA MANIFESTACIJA \u201eDANI ISLAMSKE TRADICIJE BO\u0160NJAKA\u201c"},"content":{"rendered":"\n<p>Manifestacija \u201cDani islamske tradicije Bo\u0161njaka\u201d, koja se u organizaciji Instituta za islamsku tradiciju Bo\u0161njaka odr\u017eava od 16. do 20. novembra, otvorena ja danas u Sarajevu.<\/p>\n\n\n\n<p><br>Institut \u0107e sadr\u017eaje ove manifestacije organizirati sa ograni\u010denim programom na \u010detiri lokacije u Sarajevu i Ljubu\u0161kom, a zbog epidemiolo\u0161ke situacije, prisustvo programima \u0107e biti omogu\u0107eno samo po pozivu.<\/p>\n\n\n\n<figure class=\"wp-block-image size-large\"><img loading=\"lazy\" decoding=\"async\" width=\"724\" height=\"1024\" src=\"https:\/\/tvsensor.com\/wp-content\/uploads\/2020\/11\/3.-IITB_DITB_agenda-za-bilten-724x1024-1.jpg\" alt=\"\" class=\"wp-image-18711\" srcset=\"https:\/\/tvsensor.com\/wp-content\/uploads\/2020\/11\/3.-IITB_DITB_agenda-za-bilten-724x1024-1.jpg 724w, https:\/\/tvsensor.com\/wp-content\/uploads\/2020\/11\/3.-IITB_DITB_agenda-za-bilten-724x1024-1-106x150.jpg 106w, https:\/\/tvsensor.com\/wp-content\/uploads\/2020\/11\/3.-IITB_DITB_agenda-za-bilten-724x1024-1-150x212.jpg 150w, https:\/\/tvsensor.com\/wp-content\/uploads\/2020\/11\/3.-IITB_DITB_agenda-za-bilten-724x1024-1-300x424.jpg 300w, https:\/\/tvsensor.com\/wp-content\/uploads\/2020\/11\/3.-IITB_DITB_agenda-za-bilten-724x1024-1-696x984.jpg 696w\" sizes=\"auto, (max-width: 724px) 100vw, 724px\" \/><\/figure>\n\n\n\n<p><br>\u201eDugoro\u010dni plan Instituta je da ova manifestacija postane tradicionalna i da jednom godi\u0161nje predstavi projekte Instituta, nau\u010dna saznanja do kojih je Institut do\u0161ao, ali i da predstavi projekte drugih nau\u010dnih institucija i srodnih organizacija koji su od zna\u010daja za tradiciju Bo\u0161njaka uop\u0107e\u201c, kazala je vi\u0161a stru\u010dna saradnica u Institutu mr. Sumeja Ljevakovi\u0107- Suba\u0161i\u0107.<\/p>\n\n\n\n<p><br>Ovogodi\u0161nja manifestacija trebala je ponuditi brojne sadr\u017eaje, uklju\u010duju\u0107i i druge nau\u010dno-obrazovne institucije Islamske zajednice, ali je Institut zbog epidemiolo\u0161kih okolnosti bio prinu\u0111en da sadr\u017eaje svede na minimum.<\/p>\n\n\n\n<p><br>\u201eBez obzira na ove okolnosti, sadr\u017eaji ovogodi\u0161nje manifestacije kao i svi dosada\u0161nji doga\u0111aji koje organiziramo odgovaraju prvobitnom cilju Instituta da nau\u010dna saznanja u\u010dinimo dostupnim \u0161iroj javnosti kroz razli\u010dite sadr\u017eaje koji su prijem\u010divi \u0161iroj publici. To \u010dinimo organiziranjem izlo\u017ebi, snimanje dokumentarnih filmova, interaktivnim mapama i prezentacijama i sli\u010dno\u201c, pojasnila je Ljevakovi\u0107 Suba\u0161i\u0107.<\/p>\n\n\n\n<p><br>Dr. hfz. Elvir Duranovi\u0107, vi\u0161i nau\u010dni saradnik u Institutu, predstavio je sadr\u017eaje ovogodi\u0161nje manifestacije, najavljuju\u0107i da \u0107e sutra, 17. novembra, u 18.30 sati u sarajevskoj Vije\u0107nici, biti odr\u017eana promocija knjige i online izlo\u017eba \u201eStari ljetnikovci, kule i \u010dardaci\u201c.<\/p>\n\n\n\n<p><br>Prema predstavljenom programu, u Had\u017eihalilovi\u0107a vili na Dobrinji (Centar za kulturu) u 13.00 sati 18. novembra bi\u0107e odr\u017eana promocija knjige \u201eNamaz i islamskoj tradiciji Bo\u0161njaka\u201c, dok je istog dana u 18.00 sati u Gazi Husrev-begovoj biblioteci planirana promocija dokumentarnog filma \u201eKasim-ef. Dobra\u010da\u201c.<\/p>\n\n\n\n<p><br>Sutradan, 19. novembra, tako\u0111er u Gazi Husrev-begovoj biblioteci, s po\u010detkom u 10.00 sati bit \u0107e odr\u017ean i interni nau\u010dni skup \u201eBibliografija radova o Islamskoj zajednici u Bosni i Hercegovini: Austro-ugarski period\u201c.<\/p>\n\n\n\n<p><br>\u201eJedan od alima kojim smo se nau\u010dno bavili u proteklom periodu je i Munib-ef. Ceri\u0107, prvi direktor &#8216;\u017denske medrese u Sarajevu&#8217; koji je porijeklom Ljubu\u0161ak i ako Bog da, u petak, 20. novembra u 18.00 sati, u Kiraethani u Ljubu\u0161kom, bi\u0107e odr\u017eana promocija knjige &#8216;Munib-ef. Ceri\u0107 &#8211; \u017divot i djelo&#8217; &#8211; kazao je hfz. Duranovi\u0107.<br><\/p>\n\n\n\n<p>Pozvao je sve zainteresirane da sadr\u017eaje ove manifestacije prate na dru\u0161tvenim mre\u017eama i medijskim platformama Media centra Islamske zajednice u BiH.<\/p>\n\n\n\n<p>(MINA)<\/p>\n","protected":false},"excerpt":{"rendered":"<p>Manifestacija \u201cDani islamske tradicije Bo\u0161njaka\u201d, koja se u organizaciji Instituta za islamsku tradiciju Bo\u0161njaka odr\u017eava od 16. do 20. novembra, otvorena ja danas u Sarajevu. Institut \u0107e sadr\u017eaje ove manifestacije organizirati sa ograni\u010denim programom na \u010detiri lokacije u Sarajevu i Ljubu\u0161kom, a zbog epidemiolo\u0161ke situacije, prisustvo programima \u0107e biti omogu\u0107eno samo po pozivu. \u201eDugoro\u010dni plan [&hellip;]<\/p>\n","protected":false},"author":7,"featured_media":18713,"comment_status":"closed","ping_status":"closed","sticky":false,"template":"","format":"standard","meta":{"inline_featured_image":false,"footnotes":""},"categories":[46,53],"tags":[],"class_list":{"0":"post-18709","1":"post","2":"type-post","3":"status-publish","4":"format-standard","5":"has-post-thumbnail","7":"category-kultura","8":"category-magazin"},"acf":[],"_links":{"self":[{"href":"https:\/\/tvsensor.com\/api\/wp\/v2\/posts\/18709","targetHints":{"allow":["GET"]}}],"collection":[{"href":"https:\/\/tvsensor.com\/api\/wp\/v2\/posts"}],"about":[{"href":"https:\/\/tvsensor.com\/api\/wp\/v2\/types\/post"}],"author":[{"embeddable":true,"href":"https:\/\/tvsensor.com\/api\/wp\/v2\/users\/7"}],"replies":[{"embeddable":true,"href":"https:\/\/tvsensor.com\/api\/wp\/v2\/comments?post=18709"}],"version-history":[{"count":3,"href":"https:\/\/tvsensor.com\/api\/wp\/v2\/posts\/18709\/revisions"}],"predecessor-version":[{"id":18716,"href":"https:\/\/tvsensor.com\/api\/wp\/v2\/posts\/18709\/revisions\/18716"}],"wp:featuredmedia":[{"embeddable":true,"href":"https:\/\/tvsensor.com\/api\/wp\/v2\/media\/18713"}],"wp:attachment":[{"href":"https:\/\/tvsensor.com\/api\/wp\/v2\/media?parent=18709"}],"wp:term":[{"taxonomy":"category","embeddable":true,"href":"https:\/\/tvsensor.com\/api\/wp\/v2\/categories?post=18709"},{"taxonomy":"post_tag","embeddable":true,"href":"https:\/\/tvsensor.com\/api\/wp\/v2\/tags?post=18709"}],"curies":[{"name":"wp","href":"https:\/\/api.w.org\/{rel}","templated":true}]}}