{"id":18700,"date":"2020-11-16T15:57:07","date_gmt":"2020-11-16T14:57:07","guid":{"rendered":"https:\/\/senzor.ba\/?p=18700"},"modified":"2024-01-15T21:42:38","modified_gmt":"2024-01-15T20:42:38","slug":"sasa-magazinovic-porucio-mandicu-i-muzuru-hajde-da-se-takmicimo-u-dobrom","status":"publish","type":"post","link":"https:\/\/tvsensor.com\/clanak\/sasa-magazinovic-porucio-mandicu-i-muzuru-hajde-da-se-takmicimo-u-dobrom\/","title":{"rendered":"Sa\u0161a Magazinovi\u0107 poru\u010dio Mandi\u0107u i Muzuru: Hajde da se takmi\u010dimo u dobrom"},"content":{"rendered":"\n<p>\u0160ef kluba poslanika SDP-a BiH u Parlamentu BiH Sa\u0161a Magazinovi\u0107 oglasio se povodom rezultata lokalnih izbora u BiH i tom prilikom poru\u010dio Sr\u0111anu Mandi\u0107u i Nerminu Muzuru, na\u010delnicima Op\u0107ine Centar i Ilid\u017ee, te ih pozvao da se u svom radu dalje takmi\u010de u dobrom.<\/p>\n\n\n\n<p><br>Magazinovi\u0107 je na svom Facebook profilu objavio video u kojem je na jednom od posljednjih javnih obra\u0107anja \u010cetvorke prognozirao i najavio pobjedu Mandi\u0107a i Muzura te dodao da se to sada ostvarilo.<\/p>\n\n\n\n<p>&#8220;Ja ti, Sr\u0111ane, \u017eelim veliki uspjeh na izborima, uvjeren sam u njega i \u017eelim ti da se u narednom periodu takmi\u010di\u0161 s Ilid\u017eom gdje \u0107e se tako\u0111er desiti promjena, gdje \u0107e na\u0161 Nermin Muzur napraviti ogroman uspjeh i preuzeti op\u0107inu za koju je do sada bilo nezamislivo da njom mo\u017ee upravljati bilo ko osim onih koji reketiraju privrednike, zastra\u0161uju narod i koji smatraju da sila treba biti alat kojim se vlada&#8221;, kazao je tom prilikom Magazinovi\u0107.<\/p>\n\n\n\n<p>S obzirom na to da je jednom prilikom Magazinovi\u0107 obe\u0107ao da \u0107e pojesti glasa\u010dku kutiju ukoliko \u0160efik D\u017eaferovi\u0107 pobijedi Denisa Be\u0107irovi\u0107a na predsjedni\u010dkim izborima, ovaj put se na\u0161alio rekav\u0161i da &#8220;ako je iko nau\u010dio da se treba paziti svojih rije\u010d u govorima, onda je to on&#8221;.<\/p>\n\n\n\n<p>Magazinovi\u0107 se tako\u0111er oglasio i u samoj no\u0107i progla\u0161enja pobjednika na lokalnim izborima u BiH.<\/p>\n\n\n\n<p>&#8220;Lijepa no\u0107 u Sarajevu&#8221;, napisao je kratko Magazinovi\u0107.<\/p>\n\n\n\n<p>Izvor: Klix.ba <\/p>\n","protected":false},"excerpt":{"rendered":"<p>\u0160ef kluba poslanika SDP-a BiH u Parlamentu BiH Sa\u0161a Magazinovi\u0107 oglasio se povodom rezultata lokalnih izbora u BiH i tom prilikom poru\u010dio Sr\u0111anu Mandi\u0107u i Nerminu Muzuru, na\u010delnicima Op\u0107ine Centar i Ilid\u017ee, te ih pozvao da se u svom radu dalje takmi\u010de u dobrom. Magazinovi\u0107 je na svom Facebook profilu objavio video u kojem je [&hellip;]<\/p>\n","protected":false},"author":7,"featured_media":18701,"comment_status":"closed","ping_status":"closed","sticky":false,"template":"","format":"standard","meta":{"inline_featured_image":false,"footnotes":""},"categories":[234,37,38],"tags":[],"class_list":{"0":"post-18700","1":"post","2":"type-post","3":"status-publish","4":"format-standard","5":"has-post-thumbnail","7":"category-politika","8":"category-vijesti","9":"category-vijesti-iz-bih"},"acf":[],"_links":{"self":[{"href":"https:\/\/tvsensor.com\/api\/wp\/v2\/posts\/18700","targetHints":{"allow":["GET"]}}],"collection":[{"href":"https:\/\/tvsensor.com\/api\/wp\/v2\/posts"}],"about":[{"href":"https:\/\/tvsensor.com\/api\/wp\/v2\/types\/post"}],"author":[{"embeddable":true,"href":"https:\/\/tvsensor.com\/api\/wp\/v2\/users\/7"}],"replies":[{"embeddable":true,"href":"https:\/\/tvsensor.com\/api\/wp\/v2\/comments?post=18700"}],"version-history":[{"count":2,"href":"https:\/\/tvsensor.com\/api\/wp\/v2\/posts\/18700\/revisions"}],"predecessor-version":[{"id":18703,"href":"https:\/\/tvsensor.com\/api\/wp\/v2\/posts\/18700\/revisions\/18703"}],"wp:featuredmedia":[{"embeddable":true,"href":"https:\/\/tvsensor.com\/api\/wp\/v2\/media\/18701"}],"wp:attachment":[{"href":"https:\/\/tvsensor.com\/api\/wp\/v2\/media?parent=18700"}],"wp:term":[{"taxonomy":"category","embeddable":true,"href":"https:\/\/tvsensor.com\/api\/wp\/v2\/categories?post=18700"},{"taxonomy":"post_tag","embeddable":true,"href":"https:\/\/tvsensor.com\/api\/wp\/v2\/tags?post=18700"}],"curies":[{"name":"wp","href":"https:\/\/api.w.org\/{rel}","templated":true}]}}