{"id":18679,"date":"2020-11-16T15:42:17","date_gmt":"2020-11-16T14:42:17","guid":{"rendered":"https:\/\/senzor.ba\/?p=18679"},"modified":"2024-01-15T21:42:38","modified_gmt":"2024-01-15T20:42:38","slug":"radoncic-sda-masina-polomila-zube-cetvorki-nudimo-pomoc-ako-zatreba","status":"publish","type":"post","link":"https:\/\/tvsensor.com\/clanak\/radoncic-sda-masina-polomila-zube-cetvorki-nudimo-pomoc-ako-zatreba\/","title":{"rendered":"Radon\u010di\u0107: SDA ma\u0161ina polomila zube, \u010cetvorki nudimo pomo\u0107 ako zatreba"},"content":{"rendered":"\n<p>Komentiraju\u0107i iznimno lo\u0161e rezultate svoje stranke na Lokalnim izborima u na\u0161oj zemlji, predsjednik Saveza za bolju budu\u0107nost (SBB) BiH Fahrudin Radon\u010di\u0107 pokazao je zadovoljstvo krahom SDA u Sarajevu te ponudio &#8220;pomo\u0107&#8221; \u010cetvorki.<\/p>\n\n\n\n<p><br>&#8220;Kao \u0161to je javnosti poznato, na ovim lokalnim izborima SBB nije imao niti jedan veliki bilbord, strana\u010dki skup i ozbiljnu predizbornu kampanju. Tako\u0111er, prvi put je SBB na izborima u\u010destvovao na na\u010din da na glasa\u010dkim listi\u0107ima, uz SBB, nije bilo napisano ime Fahrudina Radon\u010di\u0107a. Naravno, ovo se nije slu\u010dajno dogodilo. Jo\u0161 prije nekoliko mjeseci sam rekao da ne\u0107u i\u0107i niti na jedan strana\u010dki skup SBB-a i tako sam se i pona\u0161ao.Tako\u0111er, odbili smo opciju da imamo zajedni\u010dke kandidate sa SDA. To je bila politi\u010dki legitimna odluka nakon mog povla\u010denja s mjesta ministra sigurnosti BiH&#8221;, rekao je Raddon\u010di\u0107 u svojoj objavi na instagramu.<\/p>\n\n\n\n<p>Osvrnuv\u0161i se na potpuni debakl Stranke demokratske akcije (SDA), istakao je da je, kako bi se lo\u0161em \u0111aku reklo u osnovnoj \u0161koli, SDA proma\u0161ila temu, ili, bolje re\u010deno, metu.<\/p>\n\n\n\n<p>&#8220;Njihovi mediji su mjesecima brutalnim la\u017eima udarali po meni i SBB-u, \u0161tampane su i masovno distribuiranje kvaziknjige o meni, udarali najprizemnijim la\u017eima\u2026&#8221;, istakao je Radon\u010di\u0107, dodaju\u0107i da sve to SDA-u o\u010digledno nije pomoglo u pravljenju pobjedni\u010dkog izbornog rezultata.<\/p>\n\n\n\n<p>Naglasio je da, s druge strane, Konakovi\u0107, Nik\u0161i\u0107, Kojovi\u0107 i Had\u017eibajri\u0107 su s puno truda i rada na terenu, pokazali veliki dinamizam i napravili veliki rezultat.<\/p>\n\n\n\n<p>&#8220;Stoga zaslu\u017euju \u010destitke i priznanje da su uspjeli u ne\u010dem doskora nemogu\u0107em &#8211; da sprije\u010de brutalnu izbornu kra\u0111u&#8221;, nagla\u0161ava predsjednik SBB-a.<\/p>\n\n\n\n<p>Zaklju\u010dio je da, \u0161to se \u0161to se njegove stranke ti\u010de nastavljaju samostalnim putem.<\/p>\n\n\n\n<p>&#8220;O\u010dekujemo da \u010cetvorka to prije preuzme Vladu Kantona Sarajevo, i to, \u0161to je obostrano razumljivo, bez ministara SBB-a u njoj, ali s podr\u0161kom na\u0161ih zastupnika, ukoliko im u Skup\u0161tini KS eventualno ili ponekad zatreba&#8221;, zaklju\u010duje Radon\u010di\u0107 uz napomenu da je pro\u017edrljiva SDA ma\u0161ina definitivno polomljenih zuba i bit \u0107e sve slabija i slabija.<\/p>\n\n\n\n<p>Izvor: Klix.ba <\/p>\n","protected":false},"excerpt":{"rendered":"<p>Komentiraju\u0107i iznimno lo\u0161e rezultate svoje stranke na Lokalnim izborima u na\u0161oj zemlji, predsjednik Saveza za bolju budu\u0107nost (SBB) BiH Fahrudin Radon\u010di\u0107 pokazao je zadovoljstvo krahom SDA u Sarajevu te ponudio &#8220;pomo\u0107&#8221; \u010cetvorki. &#8220;Kao \u0161to je javnosti poznato, na ovim lokalnim izborima SBB nije imao niti jedan veliki bilbord, strana\u010dki skup i ozbiljnu predizbornu kampanju. Tako\u0111er, [&hellip;]<\/p>\n","protected":false},"author":7,"featured_media":18680,"comment_status":"closed","ping_status":"closed","sticky":false,"template":"","format":"standard","meta":{"inline_featured_image":false,"footnotes":""},"categories":[234,37,38],"tags":[],"class_list":{"0":"post-18679","1":"post","2":"type-post","3":"status-publish","4":"format-standard","5":"has-post-thumbnail","7":"category-politika","8":"category-vijesti","9":"category-vijesti-iz-bih"},"acf":[],"_links":{"self":[{"href":"https:\/\/tvsensor.com\/api\/wp\/v2\/posts\/18679","targetHints":{"allow":["GET"]}}],"collection":[{"href":"https:\/\/tvsensor.com\/api\/wp\/v2\/posts"}],"about":[{"href":"https:\/\/tvsensor.com\/api\/wp\/v2\/types\/post"}],"author":[{"embeddable":true,"href":"https:\/\/tvsensor.com\/api\/wp\/v2\/users\/7"}],"replies":[{"embeddable":true,"href":"https:\/\/tvsensor.com\/api\/wp\/v2\/comments?post=18679"}],"version-history":[{"count":3,"href":"https:\/\/tvsensor.com\/api\/wp\/v2\/posts\/18679\/revisions"}],"predecessor-version":[{"id":18683,"href":"https:\/\/tvsensor.com\/api\/wp\/v2\/posts\/18679\/revisions\/18683"}],"wp:featuredmedia":[{"embeddable":true,"href":"https:\/\/tvsensor.com\/api\/wp\/v2\/media\/18680"}],"wp:attachment":[{"href":"https:\/\/tvsensor.com\/api\/wp\/v2\/media?parent=18679"}],"wp:term":[{"taxonomy":"category","embeddable":true,"href":"https:\/\/tvsensor.com\/api\/wp\/v2\/categories?post=18679"},{"taxonomy":"post_tag","embeddable":true,"href":"https:\/\/tvsensor.com\/api\/wp\/v2\/tags?post=18679"}],"curies":[{"name":"wp","href":"https:\/\/api.w.org\/{rel}","templated":true}]}}