{"id":18666,"date":"2020-11-16T15:32:06","date_gmt":"2020-11-16T14:32:06","guid":{"rendered":"https:\/\/senzor.ba\/?p=18666"},"modified":"2024-01-15T21:42:38","modified_gmt":"2024-01-15T20:42:38","slug":"fikret-prevljak-ponudit-cu-ostavku-na-poziciju-predsjednika-kantonalnog-odbora-sda","status":"publish","type":"post","link":"https:\/\/tvsensor.com\/clanak\/fikret-prevljak-ponudit-cu-ostavku-na-poziciju-predsjednika-kantonalnog-odbora-sda\/","title":{"rendered":"Fikret Prevljak: Ponudit \u0107u ostavku na poziciju predsjednika Kantonalnog odbora SDA"},"content":{"rendered":"\n<p>Fikret Prevljak, kandidat za na\u010delnika Op\u0107ine Ilid\u017ea, najavio je da \u0107e ponuditi ostavku na poziciju predsjednika Kantonalnog odbora Stranke demokratske akcije.<\/p>\n\n\n\n<p><br>&#8220;Nismo o\u010dekivali ovakve rezultate, ali s obzirom na to da je \u010cetvorka navalila na jednoga desilo se \u0161to se desilo. SDA je na Ilid\u017ei prva po rezultatima. Kad je rije\u010d o mojoj kandidaturi za na\u010delnika ubjedljivo smo izgubili. Volju naroda treba po\u0161tovati. Po\u0161to smo demokratska dr\u017eava i stranka mi \u0107emo to po\u0161tovati&#8221;, kazao je Prevljak.<\/p>\n\n\n\n<p>Prevljak ka\u017ee da planira podnijeti ostavku na poziciju predsjednika Kantonalnog odbora SDA.<\/p>\n\n\n\n<p>&#8220;Kad izgubi\u0161 i do\u017eivi\u0161 poraz red bi bio da ponudi\u0161 ostavku da se to usvoji&#8221;, kazao je Prevljak, dodav\u0161i da \u0107e njegovi dalji planovi ovisiti od Op\u0107inskog i Kantonalnog odbara, kao i od Predsjedni\u0161tva SDA.<\/p>\n\n\n\n<p>Napominje da \u0107e SDA biti opoziciona stranka na Ilid\u017ei i da se nada da \u0107e \u010cetvorka dobro raditi.<\/p>\n\n\n\n<p>Nermin Muzur, kandidat Naroda i pravde, osvojio je na Ilid\u017ei 16.863 glasova, dok je Fikret Prevljak, kandidat SDA, osvojio 7.945 glasova.<\/p>\n\n\n\n<p>Izvor: Klix.ba <\/p>\n","protected":false},"excerpt":{"rendered":"<p>Fikret Prevljak, kandidat za na\u010delnika Op\u0107ine Ilid\u017ea, najavio je da \u0107e ponuditi ostavku na poziciju predsjednika Kantonalnog odbora Stranke demokratske akcije. &#8220;Nismo o\u010dekivali ovakve rezultate, ali s obzirom na to da je \u010cetvorka navalila na jednoga desilo se \u0161to se desilo. SDA je na Ilid\u017ei prva po rezultatima. Kad je rije\u010d o mojoj kandidaturi za [&hellip;]<\/p>\n","protected":false},"author":7,"featured_media":18670,"comment_status":"closed","ping_status":"closed","sticky":false,"template":"","format":"standard","meta":{"inline_featured_image":false,"footnotes":""},"categories":[234,37,38],"tags":[],"class_list":{"0":"post-18666","1":"post","2":"type-post","3":"status-publish","4":"format-standard","5":"has-post-thumbnail","7":"category-politika","8":"category-vijesti","9":"category-vijesti-iz-bih"},"acf":[],"_links":{"self":[{"href":"https:\/\/tvsensor.com\/api\/wp\/v2\/posts\/18666","targetHints":{"allow":["GET"]}}],"collection":[{"href":"https:\/\/tvsensor.com\/api\/wp\/v2\/posts"}],"about":[{"href":"https:\/\/tvsensor.com\/api\/wp\/v2\/types\/post"}],"author":[{"embeddable":true,"href":"https:\/\/tvsensor.com\/api\/wp\/v2\/users\/7"}],"replies":[{"embeddable":true,"href":"https:\/\/tvsensor.com\/api\/wp\/v2\/comments?post=18666"}],"version-history":[{"count":2,"href":"https:\/\/tvsensor.com\/api\/wp\/v2\/posts\/18666\/revisions"}],"predecessor-version":[{"id":18672,"href":"https:\/\/tvsensor.com\/api\/wp\/v2\/posts\/18666\/revisions\/18672"}],"wp:featuredmedia":[{"embeddable":true,"href":"https:\/\/tvsensor.com\/api\/wp\/v2\/media\/18670"}],"wp:attachment":[{"href":"https:\/\/tvsensor.com\/api\/wp\/v2\/media?parent=18666"}],"wp:term":[{"taxonomy":"category","embeddable":true,"href":"https:\/\/tvsensor.com\/api\/wp\/v2\/categories?post=18666"},{"taxonomy":"post_tag","embeddable":true,"href":"https:\/\/tvsensor.com\/api\/wp\/v2\/tags?post=18666"}],"curies":[{"name":"wp","href":"https:\/\/api.w.org\/{rel}","templated":true}]}}