{"id":18662,"date":"2020-11-16T15:21:37","date_gmt":"2020-11-16T14:21:37","guid":{"rendered":"https:\/\/senzor.ba\/?p=18662"},"modified":"2024-01-15T21:42:39","modified_gmt":"2024-01-15T20:42:39","slug":"borenovic-porucio-dodiku-frustracije-zbog-poraza-ne-obrusavajte-na-banjalucane","status":"publish","type":"post","link":"https:\/\/tvsensor.com\/clanak\/borenovic-porucio-dodiku-frustracije-zbog-poraza-ne-obrusavajte-na-banjalucane\/","title":{"rendered":"Borenovi\u0107 poru\u010dio Dodiku: Frustracije zbog poraza ne obru\u0161avajte na Banjalu\u010dane"},"content":{"rendered":"\n<p>Predsjednik PDP-a Branislav Borenovi\u0107, reagovao je na izjave Milorada Dodika da \u0107e nakon poraza SNSD-a u tom gradu, obustaviti investicije u Banjoj Luci.<br>Nakon \u0161to je Milorad Dodik izjavio kako \u0107e zbog poraza Igora Radoji\u010di\u0107a u Banjoj Luci, SNSD obustaviti ulaganja u gradu na Vrbasu, oglasio se predsjednik PDP-a Branislav Borenovi\u0107 te poru\u010dio kako niko nema pravo ka\u017enjavati gra\u0111ane zbog poraza.<\/p>\n\n\n\n<p>&#8220;Predsjednik SNSD-a mora da shvati da je Dra\u0161ko Stanivukovi\u0107 realnost Banje Luke, novoizabrani gradona\u010delnik kojeg je svojom voljom izabrao narod. Dodik svoje frustracije zbog poraza ne smije da bahato obru\u0161ava na Banjalu\u010dane&#8221;, poru\u010dio je Borenovi\u0107.<\/p>\n\n\n\n<p>Tako\u0111er, istakao je kako Milorad Dodik mije\u0161a nadle\u017enosti te da je u svojim izjavama koje upu\u0107uje od sino\u0107 prevazi\u0161ao i sam sebe po pitanju bahatog pona\u0161anja.<\/p>\n\n\n\n<p>&#8220;Osim \u0161to protivzakonito mije\u0161a entiteske, lokalne i nadle\u017enosti koje on ima na nivou BiH, Dodik je u svojim iracionalnim istupima i osvetni\u010dkim porukama koje od sino\u0107 upu\u0107uje gra\u0111anima Banje Luke prevazi\u0161ao i sam sebe i nivo bahatosti koji ina\u010de ispoljava. Poru\u010dujem mu da kona\u010dno shvati da Banja Luka nije njegova niti bilo koje stranke nego gra\u0111ana tog grada i tako \u0107emo se prema na\u0161em gradu i odnositi&#8221;, zaklju\u010dio je Borenovi\u0107. <\/p>\n\n\n\n<p>Izvor: Klix.ba <\/p>\n","protected":false},"excerpt":{"rendered":"<p>Predsjednik PDP-a Branislav Borenovi\u0107, reagovao je na izjave Milorada Dodika da \u0107e nakon poraza SNSD-a u tom gradu, obustaviti investicije u Banjoj Luci.Nakon \u0161to je Milorad Dodik izjavio kako \u0107e zbog poraza Igora Radoji\u010di\u0107a u Banjoj Luci, SNSD obustaviti ulaganja u gradu na Vrbasu, oglasio se predsjednik PDP-a Branislav Borenovi\u0107 te poru\u010dio kako niko nema [&hellip;]<\/p>\n","protected":false},"author":7,"featured_media":18663,"comment_status":"closed","ping_status":"closed","sticky":false,"template":"","format":"standard","meta":{"inline_featured_image":false,"footnotes":""},"categories":[234,37,38],"tags":[],"class_list":{"0":"post-18662","1":"post","2":"type-post","3":"status-publish","4":"format-standard","5":"has-post-thumbnail","7":"category-politika","8":"category-vijesti","9":"category-vijesti-iz-bih"},"acf":[],"_links":{"self":[{"href":"https:\/\/tvsensor.com\/api\/wp\/v2\/posts\/18662","targetHints":{"allow":["GET"]}}],"collection":[{"href":"https:\/\/tvsensor.com\/api\/wp\/v2\/posts"}],"about":[{"href":"https:\/\/tvsensor.com\/api\/wp\/v2\/types\/post"}],"author":[{"embeddable":true,"href":"https:\/\/tvsensor.com\/api\/wp\/v2\/users\/7"}],"replies":[{"embeddable":true,"href":"https:\/\/tvsensor.com\/api\/wp\/v2\/comments?post=18662"}],"version-history":[{"count":2,"href":"https:\/\/tvsensor.com\/api\/wp\/v2\/posts\/18662\/revisions"}],"predecessor-version":[{"id":18665,"href":"https:\/\/tvsensor.com\/api\/wp\/v2\/posts\/18662\/revisions\/18665"}],"wp:featuredmedia":[{"embeddable":true,"href":"https:\/\/tvsensor.com\/api\/wp\/v2\/media\/18663"}],"wp:attachment":[{"href":"https:\/\/tvsensor.com\/api\/wp\/v2\/media?parent=18662"}],"wp:term":[{"taxonomy":"category","embeddable":true,"href":"https:\/\/tvsensor.com\/api\/wp\/v2\/categories?post=18662"},{"taxonomy":"post_tag","embeddable":true,"href":"https:\/\/tvsensor.com\/api\/wp\/v2\/tags?post=18662"}],"curies":[{"name":"wp","href":"https:\/\/api.w.org\/{rel}","templated":true}]}}