{"id":18440,"date":"2020-11-16T14:29:26","date_gmt":"2020-11-16T13:29:26","guid":{"rendered":"https:\/\/senzor.ba\/?p=18440"},"modified":"2024-01-15T21:42:39","modified_gmt":"2024-01-15T20:42:39","slug":"odredjen-pritvor-saletovicu-i-pengicu-uhapsenima-u-akciji-glasac","status":"publish","type":"post","link":"https:\/\/tvsensor.com\/clanak\/odredjen-pritvor-saletovicu-i-pengicu-uhapsenima-u-akciji-glasac\/","title":{"rendered":"Odre\u0111en pritvor Saletovi\u0107u i Pengi\u0107u, uhap\u0161enima u akciji &#8220;Glasa\u010d&#8221;"},"content":{"rendered":"\n<p>Postupiv\u0161i po prijedlogu Tu\u017eila\u0161tva Br\u010dko distrikta BiH nadle\u017eni sud u Br\u010dkom odredio je pritvor Elviru Saletovi\u0107u i Sanelu Pengi\u0107u, koji su prije tri dana uhap\u0161eni u operativnoj policijskoj akciji kodnog naziva &#8220;Glasa\u010d&#8221;.<\/p>\n\n\n\n<p>Njima je pritvor odre\u0111en zbog sumnje na udru\u017eivanje radi po\u010dinjenja krivi\u010dnog djela povrede slobode odlu\u010divanja bira\u010da i usljed opasnosti da bi mogli ponoviti krivi\u010dno djelo i uticajem na svjedoke ometati krivi\u010dni postupak.<\/p>\n\n\n\n<p>Pod nadzorom ovog tu\u017eila\u0161tva, Policija Br\u010dko distrikta BiH je krajem pro\u0161le sedmice realizirala operativnu akciju &#8220;Glasa\u010d&#8221;, u okviru koje je nakon niza zajedni\u010dki sprovedenih istra\u017enih aktivnosti, slobode li\u0161ila Saletovi\u0107a i Pengi\u0107a. Sumnja se da su oni kandidatu s liste jedne politi\u010dke partije za lokalne izbore ponudili vi\u0161e stotina glasova, koje bi mu osigurali za novac tako da im dio novca isplati odmah, a ostatak poslije izvr\u0161enog glasanja na dogovoreni na\u010din.<\/p>\n\n\n\n<p>Obojica su osumnji\u010deni za krivi\u010dno djelo udru\u017eivanje radi po\u010dinjenja krivi\u010dnog djela u vezi sa krivi\u010dnim djelom Povreda slobode odlu\u010divanja bira\u010da.<\/p>\n\n\n\n<p>Pritvaranjem Saletovi\u0107a i Pengi\u0107a broj pritvorenih, koji se sumnji\u010de za krivi\u010dna djela&nbsp; po\u010dinjena u vezi s izbornim procesom na ovom podru\u010dju, narastao je na devet, dok se u me\u0111uvremenu istra\u017ene aktivnosti Tu\u017eila\u0161tva i policije i dalje nastavljaju, saop\u0107eno je iz&nbsp;Tu\u017eila\u0161tva Br\u010dko distrikta BiH.<\/p>\n\n\n\n<p>Izvor: Fena<\/p>\n","protected":false},"excerpt":{"rendered":"<p>Postupiv\u0161i po prijedlogu Tu\u017eila\u0161tva Br\u010dko distrikta BiH nadle\u017eni sud u Br\u010dkom odredio je pritvor Elviru Saletovi\u0107u i Sanelu Pengi\u0107u, koji su prije tri dana uhap\u0161eni u operativnoj policijskoj akciji kodnog naziva &#8220;Glasa\u010d&#8221;. Njima je pritvor odre\u0111en zbog sumnje na udru\u017eivanje radi po\u010dinjenja krivi\u010dnog djela povrede slobode odlu\u010divanja bira\u010da i usljed opasnosti da bi mogli ponoviti [&hellip;]<\/p>\n","protected":false},"author":7,"featured_media":18441,"comment_status":"closed","ping_status":"closed","sticky":false,"template":"","format":"standard","meta":{"inline_featured_image":false,"footnotes":""},"categories":[37,38],"tags":[],"class_list":{"0":"post-18440","1":"post","2":"type-post","3":"status-publish","4":"format-standard","5":"has-post-thumbnail","7":"category-vijesti","8":"category-vijesti-iz-bih"},"acf":[],"_links":{"self":[{"href":"https:\/\/tvsensor.com\/api\/wp\/v2\/posts\/18440","targetHints":{"allow":["GET"]}}],"collection":[{"href":"https:\/\/tvsensor.com\/api\/wp\/v2\/posts"}],"about":[{"href":"https:\/\/tvsensor.com\/api\/wp\/v2\/types\/post"}],"author":[{"embeddable":true,"href":"https:\/\/tvsensor.com\/api\/wp\/v2\/users\/7"}],"replies":[{"embeddable":true,"href":"https:\/\/tvsensor.com\/api\/wp\/v2\/comments?post=18440"}],"version-history":[{"count":2,"href":"https:\/\/tvsensor.com\/api\/wp\/v2\/posts\/18440\/revisions"}],"predecessor-version":[{"id":18443,"href":"https:\/\/tvsensor.com\/api\/wp\/v2\/posts\/18440\/revisions\/18443"}],"wp:featuredmedia":[{"embeddable":true,"href":"https:\/\/tvsensor.com\/api\/wp\/v2\/media\/18441"}],"wp:attachment":[{"href":"https:\/\/tvsensor.com\/api\/wp\/v2\/media?parent=18440"}],"wp:term":[{"taxonomy":"category","embeddable":true,"href":"https:\/\/tvsensor.com\/api\/wp\/v2\/categories?post=18440"},{"taxonomy":"post_tag","embeddable":true,"href":"https:\/\/tvsensor.com\/api\/wp\/v2\/tags?post=18440"}],"curies":[{"name":"wp","href":"https:\/\/api.w.org\/{rel}","templated":true}]}}