{"id":18320,"date":"2020-11-16T07:04:49","date_gmt":"2020-11-16T06:04:49","guid":{"rendered":"https:\/\/senzor.ba\/?p=18320"},"modified":"2024-01-15T21:42:44","modified_gmt":"2024-01-15T20:42:44","slug":"semir-efendic-vodi-ispred-adnana-delica-ostalo-da-se-prebroji-jos-36-posto-glasova","status":"publish","type":"post","link":"https:\/\/tvsensor.com\/clanak\/semir-efendic-vodi-ispred-adnana-delica-ostalo-da-se-prebroji-jos-36-posto-glasova\/","title":{"rendered":"Semir Efendi\u0107 vodi ispred Adnana Deli\u0107a, ostalo da se prebroji jo\u0161 36 posto glasova"},"content":{"rendered":"\n<p>Prema preliminarnim rezultatima Centralne izborne komisije i posljednjem presjeku, u 2 iza pono\u0107i, nakon 63,8 posto obra\u0111enih bira\u010dkih mjesta u Op\u0107ini Novi Grad Sarajevo vodi Semir Efendi\u0107 (SDA) ispred kandidata &#8220;\u010cetvorke\u201c Adnana Deli\u0107a.<\/p>\n\n\n\n<p><br>Iako je ostalo da se obradi jo\u0161 56 bira\u010dkih mjesta odnosno 36,13 posto, Efendi\u0107 prema posljednjem presjeku CIK-a ima 13.321 glas (47,92%), a Deli\u0107 12.317 (44,31%) i sasvim je sigurno da ima jo\u0161 dosta prostora za oba kandidata.<\/p>\n\n\n\n<p>Treba ista\u0107i da je Efendi\u0107 jo\u0161 sino\u0107 na Facebooku proglasio svoju pobjedu, na \u0161to je reagirao i Deli\u0107.<\/p>\n\n\n\n<p>&#8220;Hvala gra\u0111anima Novog Grada na velikoj podr\u0161ci i ovaj put. Nastavljamo zajedno&#8221;, napisao je Efendi\u0107.<\/p>\n\n\n\n<p>U izjavi za medije Deli\u0107 je sino\u0107 kazao da bi on ipak pri\u010dekao zvani\u010dne i kona\u010dne rezultate CIK-a te da je mogao, kao Efendi\u0107, proglasiti pobjedu na dru\u0161tvenim mre\u017eama, ali da to ipak nije \u017eelio.<\/p>\n\n\n\n<p>U ovoj op\u0107ini na tre\u0107em mjestu je Sanela Pra\u0161ovi\u0107-Gad\u017eo (SBB) sa 1.438 glasova, a Elma Mujad\u017ei\u0107 (DF-GS) trenutno ima 720 glasova.<\/p>\n\n\n\n<p>Od do sada prebrojanih glasova njih 95,24 posto (27.796) su va\u017ee\u0107i, dok su 1.002 glasa\u010dka listi\u0107a progla\u0161ena neva\u017ee\u0107im.<\/p>\n\n\n\n<p>U Op\u0107ini Novi Grad Sarajevo pravo glasa imalo je 115.193 bira\u010da na 155 bira\u010dkih mjesta.<\/p>\n\n\n\n<p>Izvor: Klix.ba <\/p>\n","protected":false},"excerpt":{"rendered":"<p>Prema preliminarnim rezultatima Centralne izborne komisije i posljednjem presjeku, u 2 iza pono\u0107i, nakon 63,8 posto obra\u0111enih bira\u010dkih mjesta u Op\u0107ini Novi Grad Sarajevo vodi Semir Efendi\u0107 (SDA) ispred kandidata &#8220;\u010cetvorke\u201c Adnana Deli\u0107a. Iako je ostalo da se obradi jo\u0161 56 bira\u010dkih mjesta odnosno 36,13 posto, Efendi\u0107 prema posljednjem presjeku CIK-a ima 13.321 glas (47,92%), [&hellip;]<\/p>\n","protected":false},"author":7,"featured_media":17921,"comment_status":"open","ping_status":"closed","sticky":false,"template":"","format":"standard","meta":{"inline_featured_image":false,"footnotes":""},"categories":[234,37,38],"tags":[],"class_list":{"0":"post-18320","1":"post","2":"type-post","3":"status-publish","4":"format-standard","5":"has-post-thumbnail","7":"category-politika","8":"category-vijesti","9":"category-vijesti-iz-bih"},"acf":[],"_links":{"self":[{"href":"https:\/\/tvsensor.com\/api\/wp\/v2\/posts\/18320","targetHints":{"allow":["GET"]}}],"collection":[{"href":"https:\/\/tvsensor.com\/api\/wp\/v2\/posts"}],"about":[{"href":"https:\/\/tvsensor.com\/api\/wp\/v2\/types\/post"}],"author":[{"embeddable":true,"href":"https:\/\/tvsensor.com\/api\/wp\/v2\/users\/7"}],"replies":[{"embeddable":true,"href":"https:\/\/tvsensor.com\/api\/wp\/v2\/comments?post=18320"}],"version-history":[{"count":2,"href":"https:\/\/tvsensor.com\/api\/wp\/v2\/posts\/18320\/revisions"}],"predecessor-version":[{"id":18322,"href":"https:\/\/tvsensor.com\/api\/wp\/v2\/posts\/18320\/revisions\/18322"}],"wp:featuredmedia":[{"embeddable":true,"href":"https:\/\/tvsensor.com\/api\/wp\/v2\/media\/17921"}],"wp:attachment":[{"href":"https:\/\/tvsensor.com\/api\/wp\/v2\/media?parent=18320"}],"wp:term":[{"taxonomy":"category","embeddable":true,"href":"https:\/\/tvsensor.com\/api\/wp\/v2\/categories?post=18320"},{"taxonomy":"post_tag","embeddable":true,"href":"https:\/\/tvsensor.com\/api\/wp\/v2\/tags?post=18320"}],"curies":[{"name":"wp","href":"https:\/\/api.w.org\/{rel}","templated":true}]}}