{"id":18072,"date":"2020-11-15T20:47:58","date_gmt":"2020-11-15T19:47:58","guid":{"rendered":"https:\/\/senzor.ba\/?p=18072"},"modified":"2024-01-15T21:42:53","modified_gmt":"2024-01-15T20:42:53","slug":"zukan-helez-u-verbalnom-sukobu-ispred-birackog-mjesta-u-bugojnu","status":"publish","type":"post","link":"https:\/\/tvsensor.com\/clanak\/zukan-helez-u-verbalnom-sukobu-ispred-birackog-mjesta-u-bugojnu\/","title":{"rendered":"Zukan Helez u verbalnom sukobu ispred bira\u010dkog mjesta u Bugojnu"},"content":{"rendered":"\n<p>\u0160ef Izbornog \u0161taba Op\u0107inskog odbora Socijaldemokratrske partije BiH u Bugojnu Zukan Helez danas se ispred bira\u010dkog mjesta verbalno sukobio s osobama koje su se tu zatekle, a sve je snimio i jedan od bira\u010da koji se zatekao na lokaciji.U videu kojeg je \u010ditatelj dostavio portalu Klix.ba Helez se obra\u0107a \u017eenskoj osobi te je optu\u017euje za kra\u0111u nakon \u010dega dolazi do manjeg nagurivanja izme\u0111u nepoznate mu\u0161ke osobe i osobe koja snima mobilnim telefonom ispred bira\u010dkog mjesta kod Druge osnovne \u0161kole u Bugojnu.<\/p>\n\n\n\n<figure class=\"wp-block-embed-youtube wp-block-embed is-type-video is-provider-youtube wp-embed-aspect-16-9 wp-has-aspect-ratio\"><div class=\"wp-block-embed__wrapper\">\n<iframe loading=\"lazy\" title=\"Zukan Helez u sukobu s gra\u0111anima Bugojna\" width=\"696\" height=\"392\" src=\"https:\/\/www.youtube.com\/embed\/Y-kjY1qSVVI?feature=oembed&#038;enablejsapi=1\" frameborder=\"0\" allow=\"accelerometer; autoplay; clipboard-write; encrypted-media; gyroscope; picture-in-picture\" allowfullscreen><\/iframe>\n<\/div><\/figure>\n\n\n\n<p>U dana\u0161njem verbalnom sukobu u\u010destvovala je i starija osoba koja je Helezu uputila psovke na \u0161to se Helez okrenuo i oti\u0161ao, a \u0161ta je uslijedilo \u010ditavom doga\u0111aju nije poznato.<\/p>\n","protected":false},"excerpt":{"rendered":"<p>\u0160ef Izbornog \u0161taba Op\u0107inskog odbora Socijaldemokratrske partije BiH u Bugojnu Zukan Helez danas se ispred bira\u010dkog mjesta verbalno sukobio s osobama koje su se tu zatekle, a sve je snimio i jedan od bira\u010da koji se zatekao na lokaciji.U videu kojeg je \u010ditatelj dostavio portalu Klix.ba Helez se obra\u0107a \u017eenskoj osobi te je optu\u017euje za [&hellip;]<\/p>\n","protected":false},"author":4,"featured_media":17590,"comment_status":"open","ping_status":"closed","sticky":false,"template":"","format":"standard","meta":{"inline_featured_image":false,"footnotes":""},"categories":[234,37,38],"tags":[],"class_list":{"0":"post-18072","1":"post","2":"type-post","3":"status-publish","4":"format-standard","5":"has-post-thumbnail","7":"category-politika","8":"category-vijesti","9":"category-vijesti-iz-bih"},"acf":[],"_links":{"self":[{"href":"https:\/\/tvsensor.com\/api\/wp\/v2\/posts\/18072","targetHints":{"allow":["GET"]}}],"collection":[{"href":"https:\/\/tvsensor.com\/api\/wp\/v2\/posts"}],"about":[{"href":"https:\/\/tvsensor.com\/api\/wp\/v2\/types\/post"}],"author":[{"embeddable":true,"href":"https:\/\/tvsensor.com\/api\/wp\/v2\/users\/4"}],"replies":[{"embeddable":true,"href":"https:\/\/tvsensor.com\/api\/wp\/v2\/comments?post=18072"}],"version-history":[{"count":2,"href":"https:\/\/tvsensor.com\/api\/wp\/v2\/posts\/18072\/revisions"}],"predecessor-version":[{"id":18078,"href":"https:\/\/tvsensor.com\/api\/wp\/v2\/posts\/18072\/revisions\/18078"}],"wp:featuredmedia":[{"embeddable":true,"href":"https:\/\/tvsensor.com\/api\/wp\/v2\/media\/17590"}],"wp:attachment":[{"href":"https:\/\/tvsensor.com\/api\/wp\/v2\/media?parent=18072"}],"wp:term":[{"taxonomy":"category","embeddable":true,"href":"https:\/\/tvsensor.com\/api\/wp\/v2\/categories?post=18072"},{"taxonomy":"post_tag","embeddable":true,"href":"https:\/\/tvsensor.com\/api\/wp\/v2\/tags?post=18072"}],"curies":[{"name":"wp","href":"https:\/\/api.w.org\/{rel}","templated":true}]}}