{"id":18062,"date":"2020-11-15T20:28:15","date_gmt":"2020-11-15T19:28:15","guid":{"rendered":"https:\/\/senzor.ba\/?p=18062"},"modified":"2024-01-15T21:42:54","modified_gmt":"2024-01-15T20:42:54","slug":"halid-genjac-sda-gubi-neke-opcine","status":"publish","type":"post","link":"https:\/\/tvsensor.com\/clanak\/halid-genjac-sda-gubi-neke-opcine\/","title":{"rendered":"Halid Genjac: SDA gubi neke op\u0107ine"},"content":{"rendered":"\n<p>Na malom uzorku prebrojanih glasova, Halid Genjac, \u0161ef izbornog \u0161taba SDA, izjavio je da ova stranka gubi neke op\u0107ine koje su vodili njihovi kadrovi.<\/p>\n\n\n\n<p>Potvrdio je da je trenutno njihov kandidat za na\u010delnika op\u0107ine Centar Sarajevo Ned\u017ead Ajnad\u017ei\u0107 na drugoj poziciji. Tako\u0111er, rekao je i da njihovi kandidati u op\u0107ini Ilija\u0161, Vogo\u0161\u0107a i Had\u017ei\u0107i vode.<\/p>\n\n\n\n<p>Izvor: federalna.ba<\/p>\n","protected":false},"excerpt":{"rendered":"<p>Na malom uzorku prebrojanih glasova, Halid Genjac, \u0161ef izbornog \u0161taba SDA, izjavio je da ova stranka gubi neke op\u0107ine koje su vodili njihovi kadrovi. Potvrdio je da je trenutno njihov kandidat za na\u010delnika op\u0107ine Centar Sarajevo Ned\u017ead Ajnad\u017ei\u0107 na drugoj poziciji. Tako\u0111er, rekao je i da njihovi kandidati u op\u0107ini Ilija\u0161, Vogo\u0161\u0107a i Had\u017ei\u0107i vode. [&hellip;]<\/p>\n","protected":false},"author":7,"featured_media":18080,"comment_status":"open","ping_status":"closed","sticky":false,"template":"","format":"standard","meta":{"inline_featured_image":false,"footnotes":""},"categories":[234,37,38],"tags":[],"class_list":{"0":"post-18062","1":"post","2":"type-post","3":"status-publish","4":"format-standard","5":"has-post-thumbnail","7":"category-politika","8":"category-vijesti","9":"category-vijesti-iz-bih"},"acf":[],"_links":{"self":[{"href":"https:\/\/tvsensor.com\/api\/wp\/v2\/posts\/18062","targetHints":{"allow":["GET"]}}],"collection":[{"href":"https:\/\/tvsensor.com\/api\/wp\/v2\/posts"}],"about":[{"href":"https:\/\/tvsensor.com\/api\/wp\/v2\/types\/post"}],"author":[{"embeddable":true,"href":"https:\/\/tvsensor.com\/api\/wp\/v2\/users\/7"}],"replies":[{"embeddable":true,"href":"https:\/\/tvsensor.com\/api\/wp\/v2\/comments?post=18062"}],"version-history":[{"count":3,"href":"https:\/\/tvsensor.com\/api\/wp\/v2\/posts\/18062\/revisions"}],"predecessor-version":[{"id":18067,"href":"https:\/\/tvsensor.com\/api\/wp\/v2\/posts\/18062\/revisions\/18067"}],"wp:featuredmedia":[{"embeddable":true,"href":"https:\/\/tvsensor.com\/api\/wp\/v2\/media\/18080"}],"wp:attachment":[{"href":"https:\/\/tvsensor.com\/api\/wp\/v2\/media?parent=18062"}],"wp:term":[{"taxonomy":"category","embeddable":true,"href":"https:\/\/tvsensor.com\/api\/wp\/v2\/categories?post=18062"},{"taxonomy":"post_tag","embeddable":true,"href":"https:\/\/tvsensor.com\/api\/wp\/v2\/tags?post=18062"}],"curies":[{"name":"wp","href":"https:\/\/api.w.org\/{rel}","templated":true}]}}