{"id":18055,"date":"2020-11-15T20:25:08","date_gmt":"2020-11-15T19:25:08","guid":{"rendered":"https:\/\/senzor.ba\/?p=18055"},"modified":"2024-01-15T21:42:54","modified_gmt":"2024-01-15T20:42:54","slug":"u-kantonu-sarajevo-tijesna-trka-izmedju-kandidata-cetvorke-i-sda","status":"publish","type":"post","link":"https:\/\/tvsensor.com\/clanak\/u-kantonu-sarajevo-tijesna-trka-izmedju-kandidata-cetvorke-i-sda\/","title":{"rendered":"U Kantonu Sarajevo tijesna trka izme\u0111u kandidata \u010cetvorke i SDA"},"content":{"rendered":"\r\n<p>U Kantonu Sarajevo tijesna trka izme\u0111u kandidata \u010cetvorke i SDA &#8211; ishod je prili\u010dno neizvjestan.\u00a0\u00a0<\/p>\r\n\r\n\r\n\r\n<figure class=\"wp-block-video\"><\/figure>\r\n\r\n\r\n\r\n<p>Izbor: federalna.ba<\/p>\r\n","protected":false},"excerpt":{"rendered":"<p>U Kantonu Sarajevo tijesna trka izme\u0111u kandidata \u010cetvorke i SDA &#8211; ishod je prili\u010dno neizvjestan.\u00a0\u00a0 Izbor: federalna.ba<\/p>\n","protected":false},"author":7,"featured_media":18057,"comment_status":"open","ping_status":"closed","sticky":false,"template":"","format":"standard","meta":{"inline_featured_image":false,"footnotes":""},"categories":[234,37,38],"tags":[],"class_list":{"0":"post-18055","1":"post","2":"type-post","3":"status-publish","4":"format-standard","5":"has-post-thumbnail","7":"category-politika","8":"category-vijesti","9":"category-vijesti-iz-bih"},"acf":[],"_links":{"self":[{"href":"https:\/\/tvsensor.com\/api\/wp\/v2\/posts\/18055","targetHints":{"allow":["GET"]}}],"collection":[{"href":"https:\/\/tvsensor.com\/api\/wp\/v2\/posts"}],"about":[{"href":"https:\/\/tvsensor.com\/api\/wp\/v2\/types\/post"}],"author":[{"embeddable":true,"href":"https:\/\/tvsensor.com\/api\/wp\/v2\/users\/7"}],"replies":[{"embeddable":true,"href":"https:\/\/tvsensor.com\/api\/wp\/v2\/comments?post=18055"}],"version-history":[{"count":3,"href":"https:\/\/tvsensor.com\/api\/wp\/v2\/posts\/18055\/revisions"}],"predecessor-version":[{"id":18066,"href":"https:\/\/tvsensor.com\/api\/wp\/v2\/posts\/18055\/revisions\/18066"}],"wp:featuredmedia":[{"embeddable":true,"href":"https:\/\/tvsensor.com\/api\/wp\/v2\/media\/18057"}],"wp:attachment":[{"href":"https:\/\/tvsensor.com\/api\/wp\/v2\/media?parent=18055"}],"wp:term":[{"taxonomy":"category","embeddable":true,"href":"https:\/\/tvsensor.com\/api\/wp\/v2\/categories?post=18055"},{"taxonomy":"post_tag","embeddable":true,"href":"https:\/\/tvsensor.com\/api\/wp\/v2\/tags?post=18055"}],"curies":[{"name":"wp","href":"https:\/\/api.w.org\/{rel}","templated":true}]}}