{"id":18034,"date":"2020-11-15T20:09:24","date_gmt":"2020-11-15T19:09:24","guid":{"rendered":"https:\/\/senzor.ba\/?p=18034"},"modified":"2024-01-15T21:42:54","modified_gmt":"2024-01-15T20:42:54","slug":"srebrenica-ozbiljno-krsenje-izbornog-procesa-postoje-sumnje-u-izborni-inzenjering","status":"publish","type":"post","link":"https:\/\/tvsensor.com\/clanak\/srebrenica-ozbiljno-krsenje-izbornog-procesa-postoje-sumnje-u-izborni-inzenjering\/","title":{"rendered":"Srebrenica: Ozbiljno kr\u0161enje izbornog procesa, postoje sumnje u izborni in\u017eenjering"},"content":{"rendered":"\n<p>Iz inicijative \u201cMoja adresa: Srebrenica\u201d upozorili su\u00a0na izborni in\u017eenjering\u00a0tokom dana\u0161njeg glasanja na lokalnim izborima u Srebrenici. Predsjednik Izbornog \u0161taba koalicije \u201cMoja adresa Srebrenica\u201d Sadik Ahmetovi\u0107 odr\u017eao je pres konferenciju za medije na kojoj je govorio \u201co ozbiljnom kr\u0161enju izbornog procesa u Srebrenici\u201d, javlja\u00a0\u00a0Anadolu Agency (AA).<\/p>\n\n\n\n<p>&#8220;Mi smo u posljednja dva mjeseca imali ta\u010dne informacije da sa bira\u010dkog spiska 1.400 osoba srpske nacionalnosti nema ni jedan li\u010dni dokument koji bi mogao pokazati, da bi mogao glasati. Imena su bila obilje\u017eena na spiskovima na\u0161ih posmatra\u010da koji su pratili izobrni proces i prije nekih sat vremena dobili smo informaciju da je osoba Milan Bla\u017ei\u0107 do\u0161la sa li\u010dnom kartom koja je istekla. <\/p>\n\n\n\n<p>Vratili su ga sa glasa\u010dkog mjesta\u00a0 i u roku od sat vremena je do\u0161ao sa novom li\u010dnom kartom, trajnom. Tako\u0111er Mirjana \u017delimirovi\u0107 je dobila li\u010dnu kartu na deset godina, a isto tako je prvo pokazala li\u010dnu kartu koja je istekla. <\/p>\n\n\n\n<p>Sumnjamo da je Republika Srbija izvr\u0161ila upad u sistem izrade li\u010dnih dokumenata ili su li\u010dna dokumenta ra\u0111ena u Srbiji. Neki od na\u0161ih posmatra\u010da su uo\u010dili razli\u010ditost li\u010dnih karata i o tome su nas obavijestili&#8221;, rekao je Ahmetovi\u0107.<\/p>\n\n\n\n<p>Naveo je da \u0107e ulo\u017eiti prigovor CIK-u BiH, te podnijeti tu\u017ebu Sudu BiH.<\/p>\n\n\n\n<p>&#8220;Mi \u0107emo sigurno, dok ovo malo sve splasne, imati vi\u0161e informacija i ulo\u017eit \u0107emo tu\u017ebu Sudu BiH, jer su ovo krivi\u010dna djela, ovo nema veze sa izbornim procesom. Sve se ovo mo\u017ee lako dokazati. Mi smo imali spisak osoba koje nisu imale dokumente stare nekih mjesec dana. <\/p>\n\n\n\n<p>I Tu\u017eiteljstvo BiH mo\u017ee utvrditi kada i koliko je tih ljudi dobilo li\u010dne dokumente. Prosto nemogu\u0107e je da za mjesec dana iz jedne op\u0107ine napravite nova li\u010dna dokumenta, svi ti ljudi bi morali do\u0107i u MUP ovdje, to bi se primijetilo, to nije malo ljudi. <\/p>\n\n\n\n<p>Ozbiljne sumnje postoje da su se desila te\u0161ka krivi\u010dna djela i upad u sistem u BiH&#8221;, ka\u017ee Ahmetovi\u0107 koji je pojasnio da su ove nepravilnosti zabilje\u017eene na bira\u010dkim mjestima u Skelanima.<\/p>\n\n\n\n<p>Bira\u010di u Srebrenici su mogli danas u toku izbornog dana glasati na 29 bira\u010dkih mjesta. Oko 15 hiljada osoba s pravom glasa biralo je na\u010delnika i odbornike u lokalni parlament.<\/p>\n\n\n\n<p>Izvor: AA<\/p>\n","protected":false},"excerpt":{"rendered":"<p>Iz inicijative \u201cMoja adresa: Srebrenica\u201d upozorili su\u00a0na izborni in\u017eenjering\u00a0tokom dana\u0161njeg glasanja na lokalnim izborima u Srebrenici. Predsjednik Izbornog \u0161taba koalicije \u201cMoja adresa Srebrenica\u201d Sadik Ahmetovi\u0107 odr\u017eao je pres konferenciju za medije na kojoj je govorio \u201co ozbiljnom kr\u0161enju izbornog procesa u Srebrenici\u201d, javlja\u00a0\u00a0Anadolu Agency (AA). &#8220;Mi smo u posljednja dva mjeseca imali ta\u010dne informacije da [&hellip;]<\/p>\n","protected":false},"author":7,"featured_media":18035,"comment_status":"open","ping_status":"closed","sticky":false,"template":"","format":"standard","meta":{"inline_featured_image":false,"footnotes":""},"categories":[234,37,38],"tags":[],"class_list":{"0":"post-18034","1":"post","2":"type-post","3":"status-publish","4":"format-standard","5":"has-post-thumbnail","7":"category-politika","8":"category-vijesti","9":"category-vijesti-iz-bih"},"acf":[],"_links":{"self":[{"href":"https:\/\/tvsensor.com\/api\/wp\/v2\/posts\/18034","targetHints":{"allow":["GET"]}}],"collection":[{"href":"https:\/\/tvsensor.com\/api\/wp\/v2\/posts"}],"about":[{"href":"https:\/\/tvsensor.com\/api\/wp\/v2\/types\/post"}],"author":[{"embeddable":true,"href":"https:\/\/tvsensor.com\/api\/wp\/v2\/users\/7"}],"replies":[{"embeddable":true,"href":"https:\/\/tvsensor.com\/api\/wp\/v2\/comments?post=18034"}],"version-history":[{"count":2,"href":"https:\/\/tvsensor.com\/api\/wp\/v2\/posts\/18034\/revisions"}],"predecessor-version":[{"id":18037,"href":"https:\/\/tvsensor.com\/api\/wp\/v2\/posts\/18034\/revisions\/18037"}],"wp:featuredmedia":[{"embeddable":true,"href":"https:\/\/tvsensor.com\/api\/wp\/v2\/media\/18035"}],"wp:attachment":[{"href":"https:\/\/tvsensor.com\/api\/wp\/v2\/media?parent=18034"}],"wp:term":[{"taxonomy":"category","embeddable":true,"href":"https:\/\/tvsensor.com\/api\/wp\/v2\/categories?post=18034"},{"taxonomy":"post_tag","embeddable":true,"href":"https:\/\/tvsensor.com\/api\/wp\/v2\/tags?post=18034"}],"curies":[{"name":"wp","href":"https:\/\/api.w.org\/{rel}","templated":true}]}}