{"id":18015,"date":"2020-11-15T19:33:18","date_gmt":"2020-11-15T18:33:18","guid":{"rendered":"https:\/\/senzor.ba\/?p=18015"},"modified":"2024-01-15T21:42:55","modified_gmt":"2024-01-15T20:42:55","slug":"tuzlanskoj-policiji-prijavljena-kupovina-glasova-i-verbalni-sukobi-na-birackim-mjestima","status":"publish","type":"post","link":"https:\/\/tvsensor.com\/clanak\/tuzlanskoj-policiji-prijavljena-kupovina-glasova-i-verbalni-sukobi-na-birackim-mjestima\/","title":{"rendered":"Tuzlanskoj policiji prijavljena kupovina glasova i verbalni sukobi na bira\u010dkim mjestima"},"content":{"rendered":"\n<p>Policiji u Tuzlanskom kantonu tokom izbornog dana je upu\u0107eno devet prijava koje se odnose na naru\u0161avanje izbornog procesa, a zabilje\u017eena su i dva slu\u010daja verbalnog sukoba na bira\u010dkim mjestima.<\/p>\n\n\n\n<p><br>Glasnogovornica Uprave policije Ministarstva unutra\u0161njih poslova Tuzlanskog kantona Amra Kapid\u017ei\u0107  izjavila je da su na bira\u010dkim mjestima u \u017divinicama i Sapni evidentirana dva slu\u010daja kr\u0161enja javnog reda i mira.<\/p>\n\n\n\n<p>Kako  je precizirala Kapid\u017ei\u0107, u oba slu\u010daja je do\u0161lo do verbalnog vrije\u0111anja. U jednom je uru\u010den prekr\u0161ajni nalog, dok se u drugom radi o zahtjevu za pokretanje prekr\u0161ajnog postupka.<\/p>\n\n\n\n<p>Tako\u0111er, Kapid\u017ei\u0107 je navela da je dosad zabilje\u017eeno devet prijava koje se mogu dovesti u vezu s izbornim procesima na podru\u010dju \u017divinica, \u010celi\u0107a, Grada\u010dca, Sapne i Banovi\u0107a.<\/p>\n\n\n\n<p>&#8220;Rije\u010d je o prijavama koje su gra\u0111ani uputili nadle\u017enim policijskim stanicama, izme\u0111u ostalog za nepravilnosti poput onemogu\u0107avanja bira\u010dkog prava, kupovina glasova i sli\u010dno&#8221;, naglasila je Kapid\u017ei\u0107.<\/p>\n\n\n\n<p>Po svim prijavama trenutno postupaju policijski slu\u017ebenici.<\/p>\n\n\n\n<p>Izvor: Klix.ba<\/p>\n","protected":false},"excerpt":{"rendered":"<p>Policiji u Tuzlanskom kantonu tokom izbornog dana je upu\u0107eno devet prijava koje se odnose na naru\u0161avanje izbornog procesa, a zabilje\u017eena su i dva slu\u010daja verbalnog sukoba na bira\u010dkim mjestima. Glasnogovornica Uprave policije Ministarstva unutra\u0161njih poslova Tuzlanskog kantona Amra Kapid\u017ei\u0107 izjavila je da su na bira\u010dkim mjestima u \u017divinicama i Sapni evidentirana dva slu\u010daja kr\u0161enja javnog [&hellip;]<\/p>\n","protected":false},"author":7,"featured_media":17754,"comment_status":"open","ping_status":"closed","sticky":false,"template":"","format":"standard","meta":{"inline_featured_image":false,"footnotes":""},"categories":[234,37,38],"tags":[],"class_list":{"0":"post-18015","1":"post","2":"type-post","3":"status-publish","4":"format-standard","5":"has-post-thumbnail","7":"category-politika","8":"category-vijesti","9":"category-vijesti-iz-bih"},"acf":[],"_links":{"self":[{"href":"https:\/\/tvsensor.com\/api\/wp\/v2\/posts\/18015","targetHints":{"allow":["GET"]}}],"collection":[{"href":"https:\/\/tvsensor.com\/api\/wp\/v2\/posts"}],"about":[{"href":"https:\/\/tvsensor.com\/api\/wp\/v2\/types\/post"}],"author":[{"embeddable":true,"href":"https:\/\/tvsensor.com\/api\/wp\/v2\/users\/7"}],"replies":[{"embeddable":true,"href":"https:\/\/tvsensor.com\/api\/wp\/v2\/comments?post=18015"}],"version-history":[{"count":2,"href":"https:\/\/tvsensor.com\/api\/wp\/v2\/posts\/18015\/revisions"}],"predecessor-version":[{"id":18019,"href":"https:\/\/tvsensor.com\/api\/wp\/v2\/posts\/18015\/revisions\/18019"}],"wp:featuredmedia":[{"embeddable":true,"href":"https:\/\/tvsensor.com\/api\/wp\/v2\/media\/17754"}],"wp:attachment":[{"href":"https:\/\/tvsensor.com\/api\/wp\/v2\/media?parent=18015"}],"wp:term":[{"taxonomy":"category","embeddable":true,"href":"https:\/\/tvsensor.com\/api\/wp\/v2\/categories?post=18015"},{"taxonomy":"post_tag","embeddable":true,"href":"https:\/\/tvsensor.com\/api\/wp\/v2\/tags?post=18015"}],"curies":[{"name":"wp","href":"https:\/\/api.w.org\/{rel}","templated":true}]}}