{"id":17980,"date":"2020-11-15T18:36:34","date_gmt":"2020-11-15T17:36:34","guid":{"rendered":"https:\/\/senzor.ba\/?p=17980"},"modified":"2024-01-15T21:42:56","modified_gmt":"2024-01-15T20:42:56","slug":"istocni-mostar-do-16-sati-izaslo-126-biraca","status":"publish","type":"post","link":"https:\/\/tvsensor.com\/clanak\/istocni-mostar-do-16-sati-izaslo-126-biraca\/","title":{"rendered":"Isto\u010dni Mostar: Do 16 sati iza\u0161lo 126 bira\u010da"},"content":{"rendered":"\n<p>Na bira\u010dko mjesto u op\u0161tini Isto\u010dni Mostar do 16 sati iza\u0161lo je 126 bira\u010da ili 76 posto, potvrdila je predsjednica Op\u0161tinske izborne komisije Nada Medan.<\/p>\n\n\n\n<p>Ona je navela da je u ovoj op\u0161tini registrovano 190 bira\u010da i da imaju samo jedno bira\u010dko mjesto. Prema njenim rije\u010dima, glasanje proti\u010de bez problema.<\/p>\n\n\n\n<p>Otvaranje bira\u010dkog mjesta jutros je kasnilo pola sata, jer je glasa\u010dki materijal prebrojavan vi\u0161e puta zbog sumnji u nepravilnosti, ali je utvr\u0111eno da je sve uredu.<\/p>\n\n\n\n<p>U Isto\u010dnom Mostaru gra\u0111ani biraju izme\u0111u dva kandidata i \u0161est politi\u010dkih subjekata.<\/p>\n\n\n\n<p>Izvor: federalna.ba<\/p>\n","protected":false},"excerpt":{"rendered":"<p>Na bira\u010dko mjesto u op\u0161tini Isto\u010dni Mostar do 16 sati iza\u0161lo je 126 bira\u010da ili 76 posto, potvrdila je predsjednica Op\u0161tinske izborne komisije Nada Medan. Ona je navela da je u ovoj op\u0161tini registrovano 190 bira\u010da i da imaju samo jedno bira\u010dko mjesto. Prema njenim rije\u010dima, glasanje proti\u010de bez problema. Otvaranje bira\u010dkog mjesta jutros je [&hellip;]<\/p>\n","protected":false},"author":7,"featured_media":17981,"comment_status":"open","ping_status":"closed","sticky":false,"template":"","format":"standard","meta":{"inline_featured_image":false,"footnotes":""},"categories":[234,37,38],"tags":[],"class_list":{"0":"post-17980","1":"post","2":"type-post","3":"status-publish","4":"format-standard","5":"has-post-thumbnail","7":"category-politika","8":"category-vijesti","9":"category-vijesti-iz-bih"},"acf":[],"_links":{"self":[{"href":"https:\/\/tvsensor.com\/api\/wp\/v2\/posts\/17980","targetHints":{"allow":["GET"]}}],"collection":[{"href":"https:\/\/tvsensor.com\/api\/wp\/v2\/posts"}],"about":[{"href":"https:\/\/tvsensor.com\/api\/wp\/v2\/types\/post"}],"author":[{"embeddable":true,"href":"https:\/\/tvsensor.com\/api\/wp\/v2\/users\/7"}],"replies":[{"embeddable":true,"href":"https:\/\/tvsensor.com\/api\/wp\/v2\/comments?post=17980"}],"version-history":[{"count":2,"href":"https:\/\/tvsensor.com\/api\/wp\/v2\/posts\/17980\/revisions"}],"predecessor-version":[{"id":17983,"href":"https:\/\/tvsensor.com\/api\/wp\/v2\/posts\/17980\/revisions\/17983"}],"wp:featuredmedia":[{"embeddable":true,"href":"https:\/\/tvsensor.com\/api\/wp\/v2\/media\/17981"}],"wp:attachment":[{"href":"https:\/\/tvsensor.com\/api\/wp\/v2\/media?parent=17980"}],"wp:term":[{"taxonomy":"category","embeddable":true,"href":"https:\/\/tvsensor.com\/api\/wp\/v2\/categories?post=17980"},{"taxonomy":"post_tag","embeddable":true,"href":"https:\/\/tvsensor.com\/api\/wp\/v2\/tags?post=17980"}],"curies":[{"name":"wp","href":"https:\/\/api.w.org\/{rel}","templated":true}]}}