{"id":17973,"date":"2020-11-15T18:12:08","date_gmt":"2020-11-15T17:12:08","guid":{"rendered":"https:\/\/senzor.ba\/?p=17973"},"modified":"2024-01-15T21:42:56","modified_gmt":"2024-01-15T20:42:56","slug":"izbori-u-stocu-kaplan-optuzuje-hdz-za-kradju-boskovic-mu-porucio-da-se-zali-komisiji","status":"publish","type":"post","link":"https:\/\/tvsensor.com\/clanak\/izbori-u-stocu-kaplan-optuzuje-hdz-za-kradju-boskovic-mu-porucio-da-se-zali-komisiji\/","title":{"rendered":"Izbori u Stocu: Kaplan optu\u017euje HDZ za kra\u0111u, Bo\u0161kovi\u0107 mu poru\u010dio da se \u017eali komisiji"},"content":{"rendered":"\n<p>U Stocu je do sad svoje pravo glasa iskoristilo oko sedam hiljada ga\u0111ana od 11.269 prijavljeni, potvrdio je za Klix.ba predsjednik Op\u0107inske izborne komicije Miroslav Mari\u0107.&#8221;Prema pristiglim podacima do 16 sati je na izbore iza\u0161lo 60,47 posto gra\u0111ana&#8221;, ka\u017ee nam Mari\u0107. On isti\u010de da se do sada izborni proces u gradu na Bregavi odvija bez problema i incidenata.<\/p>\n\n\n\n<p>Me\u0111utim Salmir Kaplan (SDA)koji je na pro\u0161lim izborima bio ka\u017enjen zbog ometanja izbornog procesa tvrdi da se i danas doga\u0111aju nepravilnosti.<\/p>\n\n\n\n<p>&#8220;U Stocu nema problema i danas \u0107e se svugdje prije ispasti problem nego u Stocu, jer se to ve\u0107 jednom de\u0161avalo. Ali \u0161to se ti\u010de samih izbora kod nas HDZ oplja\u010dka svake izbore i tu nema dileme nikakve. Plja\u010dka izbora je krenula davno. Prije dva mjeseca kad su imenovali bira\u010dke odbore. Kad imate 24 predsjednika bira\u010dkih odbora, a imate 26 subjekata i ne mo\u017ee svaki subjekat dobiti predsjednika bira\u010dkog odbora bilo bi najpo\u0161tenije da se odredi \u017edrijebom, ali ovdje ne. Oni ovdje sjednu i daju HDZ-u i satelitskim HDZ-ovim strankama i nezavisnim kandidatima najja\u010de bira\u010dke odbore, pa onda drugim subjektima sa hrvatskim predznakom malo slabije. A najslabije, gdje najmanje ljudi glasa tu su Bo\u0161njaci predsjednici bira\u010dkih odbora&#8221;, ka\u017ee Kaplan za Klix.ba.<br>Dodaje da predsjednik bira\u010dkog odbora odre\u0111uje ko je na identifikaciji glasa\u010da, te da se ne zna je li neko glasao jednom ili vi\u0161e puta.<\/p>\n\n\n\n<p>&#8220;Tu gdje HDZ kontroli\u0161e li\u010dne karte ja mislim da je masakr. Tu \u0107e ja mislim glasati hiljadu ljudi koji nemaju pravo glasa. Ako budu imali \u010detiri hiljade glasova na svim svojim subjektima , hiljadu su ukrali, ja to garantujem svojim \u017eivotom, ali to ne mogu dokazati nigdje&#8221;, ustvrdio je Kaplan.<\/p>\n\n\n\n<p>Aktualni na\u010delnik Op\u0107ine Stolac i kandidat HDZ-a BiH na novi mandat prvog \u010dovjeka op\u0107ine na Bregavi Stjepan Bo\u0161kovi\u0107, tvrdi suprotno navode\u0107i da je Stolac demokratski grad.<\/p>\n\n\n\n<p>&#8220;Sve \u0161to se na dana\u0161nji dan doga\u0111a je ne\u0161to \u0161to ohrabruje u Stocu, a to je da se uistinu doga\u0111aju demokratski izbori i da ljudi po svome naho\u0111enju izlaze i glasaju. Ja se nadam da \u0107e ishod izbora biti takav, da tko god bude na\u010delnik i u op\u0107inskom vije\u0107u da \u0107e raditi na dobrobit svih gra\u0111ana i Op\u0107ine Stolac. Za sve navode postoje prigovori Op\u0107inskom izbornom povjerenstvu. Oni se mogu raditi za sve nepravilnosti koje se doga\u0111aju, ali slu\u0161aju\u0107i danas medijska izvje\u0161\u0107a diljem BiH mislim da je Stolac danas najdemokratskiji grad i da je najmanje bilo izbornih nepravilnosti u Op\u0107ini Stolac. Mislim da ona \u0161kola koja je bila 2016. godine je svima bila jedna pouka da mi uisitinu ovdje moramo \u017eivjeti zajedno i zajedno na\u0161 grad izgra\u0111ivati i na\u0161u op\u0107inu bez obzira ko bude na\u010delnik&#8221;, kazao je Bo\u0161kovi\u0107 za Klix.ba.<\/p>\n\n\n\n<p>Nezavisni kandidat za gradona\u010delnika op\u0107ine Stolac Zoran Turkovi\u0107, a koga podr\u017eava Inicijativa za Stolac kazao je da je zadovoljan kako proti\u010de izborni dan i da se nada pobjedi.<\/p>\n\n\n\n<p>&#8220;Nikakvih problema nema, obilazio sam na terenu bira\u010dka mjesta, tako da mo\u017eemo biti zadovoljni kako proti\u010de sve za sada. Zadovoljan sam i izlazno\u0161\u0107u Bo\u0161njaka za sad, a vjeruje m da \u0107e ih preko 80 posto do zatvaranja birali\u0161ta svoj glas iskoristilo. Nadamo se i osvajanju 9 mjesta u Op\u0161tinskom vije\u0107u, te da \u0107emo tako preuzeti ve\u0107inu&#8221;, ka\u017ee nam Turkovi\u0107.<\/p>\n\n\n\n<p>Klix.ba<\/p>\n","protected":false},"excerpt":{"rendered":"<p>U Stocu je do sad svoje pravo glasa iskoristilo oko sedam hiljada ga\u0111ana od 11.269 prijavljeni, potvrdio je za Klix.ba predsjednik Op\u0107inske izborne komicije Miroslav Mari\u0107.&#8221;Prema pristiglim podacima do 16 sati je na izbore iza\u0161lo 60,47 posto gra\u0111ana&#8221;, ka\u017ee nam Mari\u0107. On isti\u010de da se do sada izborni proces u gradu na Bregavi odvija bez [&hellip;]<\/p>\n","protected":false},"author":4,"featured_media":17921,"comment_status":"open","ping_status":"closed","sticky":false,"template":"","format":"standard","meta":{"inline_featured_image":false,"footnotes":""},"categories":[234,37,38],"tags":[],"class_list":{"0":"post-17973","1":"post","2":"type-post","3":"status-publish","4":"format-standard","5":"has-post-thumbnail","7":"category-politika","8":"category-vijesti","9":"category-vijesti-iz-bih"},"acf":[],"_links":{"self":[{"href":"https:\/\/tvsensor.com\/api\/wp\/v2\/posts\/17973","targetHints":{"allow":["GET"]}}],"collection":[{"href":"https:\/\/tvsensor.com\/api\/wp\/v2\/posts"}],"about":[{"href":"https:\/\/tvsensor.com\/api\/wp\/v2\/types\/post"}],"author":[{"embeddable":true,"href":"https:\/\/tvsensor.com\/api\/wp\/v2\/users\/4"}],"replies":[{"embeddable":true,"href":"https:\/\/tvsensor.com\/api\/wp\/v2\/comments?post=17973"}],"version-history":[{"count":2,"href":"https:\/\/tvsensor.com\/api\/wp\/v2\/posts\/17973\/revisions"}],"predecessor-version":[{"id":17975,"href":"https:\/\/tvsensor.com\/api\/wp\/v2\/posts\/17973\/revisions\/17975"}],"wp:featuredmedia":[{"embeddable":true,"href":"https:\/\/tvsensor.com\/api\/wp\/v2\/media\/17921"}],"wp:attachment":[{"href":"https:\/\/tvsensor.com\/api\/wp\/v2\/media?parent=17973"}],"wp:term":[{"taxonomy":"category","embeddable":true,"href":"https:\/\/tvsensor.com\/api\/wp\/v2\/categories?post=17973"},{"taxonomy":"post_tag","embeddable":true,"href":"https:\/\/tvsensor.com\/api\/wp\/v2\/tags?post=17973"}],"curies":[{"name":"wp","href":"https:\/\/api.w.org\/{rel}","templated":true}]}}