{"id":1797,"date":"2019-03-14T20:15:18","date_gmt":"2019-03-14T20:15:18","guid":{"rendered":"https:\/\/senzor.ba\/?p=1797"},"modified":"2024-01-15T21:49:34","modified_gmt":"2024-01-15T20:49:34","slug":"avdic-cilj-hrvatske-je-treci-entitet-i-politicka-destabilizacija-bih","status":"publish","type":"post","link":"https:\/\/tvsensor.com\/clanak\/avdic-cilj-hrvatske-je-treci-entitet-i-politicka-destabilizacija-bih\/","title":{"rendered":"Avdi\u0107: Cilj Hrvatske je tre\u0107i entitet i politi\u010dka destabilizacija BiH"},"content":{"rendered":"\n<p>Ministar\n sigurnosti Bosne i Hercegovine Dragan Mekti\u0107 je optu\u017eio sigurnosne \nslu\u017ebe Hrvatske da su radile na vrbovanju bh. gra\u0111ana za obavje\u0161tajnu \noperaciju u vezi s naoru\u017eavanjem pripadnika selefijskog pokreta u BiH. \nIz Sigurnosno-obavje\u0161tajne agencije Hrvatske su te navode odbacili kao \nneistinite i zlonamjerne. Slu\u010daj je uzburkao i politi\u010dku scenu u obje \nzemlje.<\/p>\n\n\n\n<p>Gost AJB u Sarajevu je novinar portala \u017durnal.ba Avdo Avdi\u0107.<\/p>\n\n\n\n<figure class=\"wp-block-embed-youtube wp-block-embed is-type-video is-provider-youtube wp-embed-aspect-16-9 wp-has-aspect-ratio\"><div class=\"wp-block-embed__wrapper\">\n<iframe loading=\"lazy\" title=\"Avdi\u0107: Cilj Hrvatske je tre\u0107i entitet i politi\u010dka destabilizacija BiH\" width=\"696\" height=\"392\" src=\"https:\/\/www.youtube.com\/embed\/iXqiwf4j07A?feature=oembed&#038;enablejsapi=1\" frameborder=\"0\" allow=\"accelerometer; autoplay; clipboard-write; encrypted-media; gyroscope; picture-in-picture\" allowfullscreen><\/iframe>\n<\/div><\/figure>\n\n\n\n<p>Izvor: <a href=\"http:\/\/balkans.aljazeera.net\/video\/avdic-cilj-hrvatske-je-treci-entitet-i-politicka-destabilizacija-bih\">Al Jazeera Balkans<\/a><\/p>\n","protected":false},"excerpt":{"rendered":"<p>Ministar sigurnosti Bosne i Hercegovine Dragan Mekti\u0107 je optu\u017eio sigurnosne slu\u017ebe Hrvatske da su radile na vrbovanju bh. gra\u0111ana za obavje\u0161tajnu operaciju u vezi s naoru\u017eavanjem pripadnika selefijskog pokreta u BiH. Iz Sigurnosno-obavje\u0161tajne agencije Hrvatske su te navode odbacili kao neistinite i zlonamjerne. Slu\u010daj je uzburkao i politi\u010dku scenu u obje zemlje. Gost AJB u [&hellip;]<\/p>\n","protected":false},"author":59,"featured_media":1798,"comment_status":"open","ping_status":"closed","sticky":false,"template":"","format":"standard","meta":{"inline_featured_image":false,"footnotes":""},"categories":[40,37,38],"tags":[],"class_list":{"0":"post-1797","1":"post","2":"type-post","3":"status-publish","4":"format-standard","5":"has-post-thumbnail","7":"category-region","8":"category-vijesti","9":"category-vijesti-iz-bih"},"acf":[],"_links":{"self":[{"href":"https:\/\/tvsensor.com\/api\/wp\/v2\/posts\/1797","targetHints":{"allow":["GET"]}}],"collection":[{"href":"https:\/\/tvsensor.com\/api\/wp\/v2\/posts"}],"about":[{"href":"https:\/\/tvsensor.com\/api\/wp\/v2\/types\/post"}],"author":[{"embeddable":true,"href":"https:\/\/tvsensor.com\/api\/wp\/v2\/users\/59"}],"replies":[{"embeddable":true,"href":"https:\/\/tvsensor.com\/api\/wp\/v2\/comments?post=1797"}],"version-history":[{"count":1,"href":"https:\/\/tvsensor.com\/api\/wp\/v2\/posts\/1797\/revisions"}],"predecessor-version":[{"id":1799,"href":"https:\/\/tvsensor.com\/api\/wp\/v2\/posts\/1797\/revisions\/1799"}],"wp:featuredmedia":[{"embeddable":true,"href":"https:\/\/tvsensor.com\/api\/wp\/v2\/media\/1798"}],"wp:attachment":[{"href":"https:\/\/tvsensor.com\/api\/wp\/v2\/media?parent=1797"}],"wp:term":[{"taxonomy":"category","embeddable":true,"href":"https:\/\/tvsensor.com\/api\/wp\/v2\/categories?post=1797"},{"taxonomy":"post_tag","embeddable":true,"href":"https:\/\/tvsensor.com\/api\/wp\/v2\/tags?post=1797"}],"curies":[{"name":"wp","href":"https:\/\/api.w.org\/{rel}","templated":true}]}}