{"id":17967,"date":"2020-11-15T18:03:44","date_gmt":"2020-11-15T17:03:44","guid":{"rendered":"https:\/\/senzor.ba\/?p=17967"},"modified":"2024-01-15T21:42:56","modified_gmt":"2024-01-15T20:42:56","slug":"u-srebenici-do-16-sati-glasalo-5558-biraca","status":"publish","type":"post","link":"https:\/\/tvsensor.com\/clanak\/u-srebenici-do-16-sati-glasalo-5558-biraca\/","title":{"rendered":"U Srebenici do 16 sati glasalo 55,58 % bira\u010da"},"content":{"rendered":"\n<p>Iz Op\u0107inske izborne komisije Srebrenica saop\u0107ili su da do 16 sati izlaznost na izbore u toj lokalnoj zajednici bila 55,58 posto.<\/p>\n\n\n\n<p>Prema informaciji \u010dlana Op\u0107inske izborne komisije Zekerijaha Had\u017ei\u0107a, \u010dlanovi bira\u010dkih odbora i posmatra\u010di su zabilje\u017eeni nekoliko poku\u0161aja maliverzacije.<\/p>\n\n\n\n<p>&#8211; Na pojedinim glasa\u010dkim mjestima glasa\u010di su poku\u0161ali da iskoriste pravo glasa drugih lica a bilo je i poku\u0161aja glasanja s isteklim li\u010dnim dokumentima &#8211; kazao je Had\u017ei\u0107.<\/p>\n\n\n\n<p>U Srebrenici gra\u0111ani glasaju na 29 bira\u010dkih mjesta, a pravo glasa ove godine na lokalnim izborima ostvaruje 14.599 bira\u010da.<\/p>\n\n\n\n<p>Lokalni izbori u Srebrenici odr\u017eavaju se uz po\u0161tivanje svih propisanih epidemiolo\u0161kih mjera u cilju za\u0161tite od virusa korona.<\/p>\n\n\n\n<p>federalna.ba\/Fena<\/p>\n","protected":false},"excerpt":{"rendered":"<p>Iz Op\u0107inske izborne komisije Srebrenica saop\u0107ili su da do 16 sati izlaznost na izbore u toj lokalnoj zajednici bila 55,58 posto. Prema informaciji \u010dlana Op\u0107inske izborne komisije Zekerijaha Had\u017ei\u0107a, \u010dlanovi bira\u010dkih odbora i posmatra\u010di su zabilje\u017eeni nekoliko poku\u0161aja maliverzacije. &#8211; Na pojedinim glasa\u010dkim mjestima glasa\u010di su poku\u0161ali da iskoriste pravo glasa drugih lica a bilo [&hellip;]<\/p>\n","protected":false},"author":4,"featured_media":17495,"comment_status":"open","ping_status":"closed","sticky":false,"template":"","format":"standard","meta":{"inline_featured_image":false,"footnotes":""},"categories":[234,37,38],"tags":[388],"class_list":{"0":"post-17967","1":"post","2":"type-post","3":"status-publish","4":"format-standard","5":"has-post-thumbnail","7":"category-politika","8":"category-vijesti","9":"category-vijesti-iz-bih","10":"tag-lokalni-izbori-2020"},"acf":[],"_links":{"self":[{"href":"https:\/\/tvsensor.com\/api\/wp\/v2\/posts\/17967","targetHints":{"allow":["GET"]}}],"collection":[{"href":"https:\/\/tvsensor.com\/api\/wp\/v2\/posts"}],"about":[{"href":"https:\/\/tvsensor.com\/api\/wp\/v2\/types\/post"}],"author":[{"embeddable":true,"href":"https:\/\/tvsensor.com\/api\/wp\/v2\/users\/4"}],"replies":[{"embeddable":true,"href":"https:\/\/tvsensor.com\/api\/wp\/v2\/comments?post=17967"}],"version-history":[{"count":3,"href":"https:\/\/tvsensor.com\/api\/wp\/v2\/posts\/17967\/revisions"}],"predecessor-version":[{"id":17991,"href":"https:\/\/tvsensor.com\/api\/wp\/v2\/posts\/17967\/revisions\/17991"}],"wp:featuredmedia":[{"embeddable":true,"href":"https:\/\/tvsensor.com\/api\/wp\/v2\/media\/17495"}],"wp:attachment":[{"href":"https:\/\/tvsensor.com\/api\/wp\/v2\/media?parent=17967"}],"wp:term":[{"taxonomy":"category","embeddable":true,"href":"https:\/\/tvsensor.com\/api\/wp\/v2\/categories?post=17967"},{"taxonomy":"post_tag","embeddable":true,"href":"https:\/\/tvsensor.com\/api\/wp\/v2\/tags?post=17967"}],"curies":[{"name":"wp","href":"https:\/\/api.w.org\/{rel}","templated":true}]}}