{"id":17913,"date":"2020-11-15T16:52:04","date_gmt":"2020-11-15T15:52:04","guid":{"rendered":"https:\/\/senzor.ba\/?p=17913"},"modified":"2024-01-15T21:42:58","modified_gmt":"2024-01-15T20:42:58","slug":"nakon-napada-na-adzema-policija-u-gorazdu-uhapsila-sekretara-gradskog-vijeca","status":"publish","type":"post","link":"https:\/\/tvsensor.com\/clanak\/nakon-napada-na-adzema-policija-u-gorazdu-uhapsila-sekretara-gradskog-vijeca\/","title":{"rendered":"Nakon napada na Ad\u017eema policija u Gora\u017edu uhapsila sekretara Gradskog vije\u0107a"},"content":{"rendered":"\n<p>Nakon napada na pomo\u0107nika gradona\u010delnika u Gora\u017edu Envera Ad\u017eema koji se dogodio danas u Gora\u017edu, a koji su mobitelom zabilje\u017eili slu\u010dajni prolaznici, policija MUP-a BPK Gora\u017ede uhapsila je Samira Kanli\u0107a, sekretara Gradskog vije\u0107a. On je fizi\u010dki napao Ad\u017eema nedaleko od gradske po\u0161te, nanijev\u0161i mu nekoliko udaraca, a napadu je kako saznajemo prethodila i sva\u0111a koja se de\u0161avala nao\u010digled prolaznika. U jednom trenutku saobra\u0107aj je bio zaustavljen, a prolaznici su u \u010dudu posmatrali \u0161ta se de\u0161ava.<\/p>\n\n\n\n<p>&#8220;Po\u010dinilac je prona\u0111en i li\u0161en slobode, da ne bi utjecao na svjedoke. Alkotestiran je i utvr\u0111eno je da je pod dejstvom alkohola. Nakon otrije\u017enjenja poduze\u0107e se odre\u0111ene mjere i radnje. Nakon konsultacija sa tu\u017eiocem, uze\u0107e se izjave i uputi\u0107e se izvje\u0161taj tu\u017eila\u0161tvu o po\u010dinjenom krivi\u010dnom djelu nano\u0161enje lahkih tjelesnih povreda\u201d, izjavio je Mirsad Kamenica, \u0161ef Odsjeka za za\u0161titu tajnih podataka i analitiku MUP-a BPK Gora\u017ede.<\/p>\n\n\n\n<p>O motivima ovakvog obra\u010duna za sada nema informacija.<\/p>\n","protected":false},"excerpt":{"rendered":"<p>Nakon napada na pomo\u0107nika gradona\u010delnika u Gora\u017edu Envera Ad\u017eema koji se dogodio danas u Gora\u017edu, a koji su mobitelom zabilje\u017eili slu\u010dajni prolaznici, policija MUP-a BPK Gora\u017ede uhapsila je Samira Kanli\u0107a, sekretara Gradskog vije\u0107a. On je fizi\u010dki napao Ad\u017eema nedaleko od gradske po\u0161te, nanijev\u0161i mu nekoliko udaraca, a napadu je kako saznajemo prethodila i sva\u0111a koja [&hellip;]<\/p>\n","protected":false},"author":4,"featured_media":17651,"comment_status":"open","ping_status":"closed","sticky":false,"template":"","format":"standard","meta":{"inline_featured_image":false,"footnotes":""},"categories":[234,37,38],"tags":[388],"class_list":{"0":"post-17913","1":"post","2":"type-post","3":"status-publish","4":"format-standard","5":"has-post-thumbnail","7":"category-politika","8":"category-vijesti","9":"category-vijesti-iz-bih","10":"tag-lokalni-izbori-2020"},"acf":[],"_links":{"self":[{"href":"https:\/\/tvsensor.com\/api\/wp\/v2\/posts\/17913","targetHints":{"allow":["GET"]}}],"collection":[{"href":"https:\/\/tvsensor.com\/api\/wp\/v2\/posts"}],"about":[{"href":"https:\/\/tvsensor.com\/api\/wp\/v2\/types\/post"}],"author":[{"embeddable":true,"href":"https:\/\/tvsensor.com\/api\/wp\/v2\/users\/4"}],"replies":[{"embeddable":true,"href":"https:\/\/tvsensor.com\/api\/wp\/v2\/comments?post=17913"}],"version-history":[{"count":2,"href":"https:\/\/tvsensor.com\/api\/wp\/v2\/posts\/17913\/revisions"}],"predecessor-version":[{"id":17916,"href":"https:\/\/tvsensor.com\/api\/wp\/v2\/posts\/17913\/revisions\/17916"}],"wp:featuredmedia":[{"embeddable":true,"href":"https:\/\/tvsensor.com\/api\/wp\/v2\/media\/17651"}],"wp:attachment":[{"href":"https:\/\/tvsensor.com\/api\/wp\/v2\/media?parent=17913"}],"wp:term":[{"taxonomy":"category","embeddable":true,"href":"https:\/\/tvsensor.com\/api\/wp\/v2\/categories?post=17913"},{"taxonomy":"post_tag","embeddable":true,"href":"https:\/\/tvsensor.com\/api\/wp\/v2\/tags?post=17913"}],"curies":[{"name":"wp","href":"https:\/\/api.w.org\/{rel}","templated":true}]}}