{"id":17910,"date":"2020-11-15T16:33:14","date_gmt":"2020-11-15T15:33:14","guid":{"rendered":"https:\/\/senzor.ba\/?p=17910"},"modified":"2024-01-15T21:42:59","modified_gmt":"2024-01-15T20:42:59","slug":"za-glasanje-putem-covid-mobilnih-timova-prijavilo-se-samo-3-555-biraca","status":"publish","type":"post","link":"https:\/\/tvsensor.com\/clanak\/za-glasanje-putem-covid-mobilnih-timova-prijavilo-se-samo-3-555-biraca\/","title":{"rendered":"Za glasanje putem COVID mobilnih timova prijavilo se samo 3.555 bira\u010da"},"content":{"rendered":"\n<p>Iako je u Bosni Hercegovini trenutno na koronavirus aktivno gotovo 35.000 stanovnika, tek njih 3.555 je prijavljeno na glasanje na dana\u0161njim lokalnim izborima u na\u0161oj zemlji, pokazuju podaci Centralne izborne komisije (CIK) BiH.<\/p>\n\n\n\n<p>Kako su danas izvijestili iz CIK-a prilikom predstavljanja podataka o izlaznosti bira\u010da, u BiH su formirana 173 mobilna COVID tima koja \u0107e posjetiti ukupno 3.555 prijavljenih bira\u010da na njihovim adresama.<\/p>\n\n\n\n<p>Pozitivno testirani na COVID-19 mogli su se prijaviti za glasanje putem moblinog tima jutros do 9 sati, uz dostavljanje potrebne dokumentacije. Mobilni timovi dakle posje\u0107uju ljude koji su zara\u017eeni koronavirusom, ali i one u izolaciji.<\/p>\n\n\n\n<p>Ukoliko usljed ote\u017eanog zdravstvenog stanja bira\u010di nisu u mogu\u0107nosti popuniti glasa\u010dki listi\u0107, to umjesto nje ili njega mo\u017ee u\u010diniti bliski srodnik koji potpisuje dokument da je preuzeo glasa\u010dki materijal za tu osobu.<\/p>\n\n\n\n<p>Ipak, brojni su razlozi za situaciju u kojoj je tek 10 posto bira\u010da od ukupnog broja aktivnih slu\u010dajeva na koronavirus u BiH prijavljeno na glasanje uz pomo\u0107 mobilnog tima, govori za Klix.ba gasnogovornica CIK-a Maksida Piri\u0107.<\/p>\n\n\n\n<p>&#8220;Sve je mogu\u0107e, od toga da se bira\u010di nisu prijavili na glasanje, da ne \u017eele glasati, da je neko previ\u0161e bolestan te mu nije do glasanja, kao i da na vrijeme nisu dobili potvrdu o glasanju putem mobilnog tima. Mi \u010dekamo da nam gradske i op\u0107inske izborne komisije dostave izvje\u0161taje o glasanju uz pomo\u0107 mobilnih timova&#8221;, odgovorila nam je Piri\u0107.<\/p>\n\n\n\n<p>Neizvjesna situacija s desetinama hiljada bira\u010da koji se nalaze u izolaciji, a jo\u0161 nisu prijavljeni za glasanje ili ne \u017eele glasati, zasigurno \u0107e se odraziti i na ve\u010dera\u0161nje preliminarne rezultate izbora. Vi\u0161e informacija o\u010dekuje se nakon novog presjeka CIK-a o izlaznosti bira\u010da kada \u0107e biti poznato da li je pove\u0107an broj prijavljenih za glasanje putem mobilnih timova.<\/p>\n\n\n\n<p>Ukoliko se pak sagledaju podaci o izlaznosti bira\u010da u BiH u prvim satima, koja je ispod prosjeka u odnosu na ranije izbore, ne iznena\u0111uje ni mala izlaznost onih glasa\u010da koji vode bitku s koronavirusom.<\/p>\n\n\n\n<p>Podsjetimo, trenutno je aktivno 19.609 slu\u010dajeva pozitivnih na koronavirus u FBiH, dok je u RS-u pod zdravstvenim nadzorom 14.611 osoba. U Br\u010dko Distritku je vi\u0161e od 600 aktivnih slu\u010dajeva.<\/p>\n","protected":false},"excerpt":{"rendered":"<p>Iako je u Bosni Hercegovini trenutno na koronavirus aktivno gotovo 35.000 stanovnika, tek njih 3.555 je prijavljeno na glasanje na dana\u0161njim lokalnim izborima u na\u0161oj zemlji, pokazuju podaci Centralne izborne komisije (CIK) BiH. Kako su danas izvijestili iz CIK-a prilikom predstavljanja podataka o izlaznosti bira\u010da, u BiH su formirana 173 mobilna COVID tima koja \u0107e [&hellip;]<\/p>\n","protected":false},"author":4,"featured_media":17495,"comment_status":"open","ping_status":"closed","sticky":false,"template":"","format":"standard","meta":{"inline_featured_image":false,"footnotes":""},"categories":[234,37,38],"tags":[388],"class_list":{"0":"post-17910","1":"post","2":"type-post","3":"status-publish","4":"format-standard","5":"has-post-thumbnail","7":"category-politika","8":"category-vijesti","9":"category-vijesti-iz-bih","10":"tag-lokalni-izbori-2020"},"acf":[],"_links":{"self":[{"href":"https:\/\/tvsensor.com\/api\/wp\/v2\/posts\/17910","targetHints":{"allow":["GET"]}}],"collection":[{"href":"https:\/\/tvsensor.com\/api\/wp\/v2\/posts"}],"about":[{"href":"https:\/\/tvsensor.com\/api\/wp\/v2\/types\/post"}],"author":[{"embeddable":true,"href":"https:\/\/tvsensor.com\/api\/wp\/v2\/users\/4"}],"replies":[{"embeddable":true,"href":"https:\/\/tvsensor.com\/api\/wp\/v2\/comments?post=17910"}],"version-history":[{"count":2,"href":"https:\/\/tvsensor.com\/api\/wp\/v2\/posts\/17910\/revisions"}],"predecessor-version":[{"id":17912,"href":"https:\/\/tvsensor.com\/api\/wp\/v2\/posts\/17910\/revisions\/17912"}],"wp:featuredmedia":[{"embeddable":true,"href":"https:\/\/tvsensor.com\/api\/wp\/v2\/media\/17495"}],"wp:attachment":[{"href":"https:\/\/tvsensor.com\/api\/wp\/v2\/media?parent=17910"}],"wp:term":[{"taxonomy":"category","embeddable":true,"href":"https:\/\/tvsensor.com\/api\/wp\/v2\/categories?post=17910"},{"taxonomy":"post_tag","embeddable":true,"href":"https:\/\/tvsensor.com\/api\/wp\/v2\/tags?post=17910"}],"curies":[{"name":"wp","href":"https:\/\/api.w.org\/{rel}","templated":true}]}}