{"id":17901,"date":"2020-11-15T16:19:47","date_gmt":"2020-11-15T15:19:47","guid":{"rendered":"https:\/\/senzor.ba\/?p=17901"},"modified":"2024-01-15T21:42:59","modified_gmt":"2024-01-15T20:42:59","slug":"sarajlije-ne-vjeruju-u-promjene-nakon-izbora-niti-se-narod-mijenja-niti-politicari","status":"publish","type":"post","link":"https:\/\/tvsensor.com\/clanak\/sarajlije-ne-vjeruju-u-promjene-nakon-izbora-niti-se-narod-mijenja-niti-politicari\/","title":{"rendered":"Sarajlije ne vjeruju u promjene nakon izbora: Niti se narod mijenja niti politi\u010dari"},"content":{"rendered":"\n<p>Stanovnike Sarajeva smo pitali da li su glasali danas na izborima i nadaju li se promjenama. Uglavnom su svi ve\u0107 glasali, no nisu previ\u0161e optimisti\u010dni.Nada da \u0107e nakon ovih lokalnih izbora biti bolje u Sarajevu postoji, no prisutna je i doza skepticizma. Uglavnom na\u0161i sagovornici ka\u017eu da su ve\u0107 glasali, a oni koji nisu uradit \u0107e to tokom dana i ba\u0161 svi se, nadaju promjenama.<\/p>\n\n\n\n<p>I mla\u0111i i stariji ljudi, i mu\u0161karci i \u017eene, cijene da se ne\u0161to kona\u010dno mora desiti kako bi \u017eivotni standard stanovnika u Bosni i Hercegovini bio bolji.<\/p>\n\n\n\n<p>Stariji gospodin nam je kazao kako je &#8220;vrijeme da se ne\u0161to promijeni&#8221; i da bi promjena dobro do\u0161la dok nam jedna gospo\u0111a odgovara da su mladi, ali i ostali stanovnici previ\u0161e inertni. Ona isti\u010de da je doprinijela borbi za bolji \u017eivot u BiH i da bi bila sretna ukoliko bi njen glas imao priliku da presudi.<\/p>\n\n\n\n<p>Mla\u0111i mu\u0161karac koji je upravo krenuo na glasanje istaknuo je da ukoliko ne do\u0111e do promjene izbornih rezultata ove godine, to se mora desiti sljede\u0107e jer, ukoliko se ne desi, &#8220;ne\u0107e imati vi\u0161e ko da glasa&#8221;.<\/p>\n\n\n\n<p>Jo\u0161 nekoliko mu\u0161karaca srednje i starije \u017eivotne dobi su nam kazali da jesu i da su glasali za promjene no nisu sigurni da li ima dovoljno takvih u dr\u017eavi, op\u0107ini.<\/p>\n\n\n\n<p>&#8220;Od svih kandidata meni ne valja nijedan, ni\u0161ta se ne\u0107e promijeniti, nit se narod mijenja nit se politi\u010dari mijenjaju&#8221;, poruka je jednog stanovnika glavnog grada u BiH.<\/p>\n\n\n\n<p>Uistinu, kao \u0161to su ocijenili na\u0161i sagovornici, izborna apatija kod ljudi je prisutna, a danas je do 11 sati glasalo svega 16,79 posto bira\u010da \u0161to je ispod prosjeka.<\/p>\n\n\n\n<p>Klix.ba<\/p>\n","protected":false},"excerpt":{"rendered":"<p>Stanovnike Sarajeva smo pitali da li su glasali danas na izborima i nadaju li se promjenama. Uglavnom su svi ve\u0107 glasali, no nisu previ\u0161e optimisti\u010dni.Nada da \u0107e nakon ovih lokalnih izbora biti bolje u Sarajevu postoji, no prisutna je i doza skepticizma. Uglavnom na\u0161i sagovornici ka\u017eu da su ve\u0107 glasali, a oni koji nisu uradit [&hellip;]<\/p>\n","protected":false},"author":4,"featured_media":17574,"comment_status":"open","ping_status":"closed","sticky":false,"template":"","format":"standard","meta":{"inline_featured_image":false,"footnotes":""},"categories":[234,37,38],"tags":[388],"class_list":{"0":"post-17901","1":"post","2":"type-post","3":"status-publish","4":"format-standard","5":"has-post-thumbnail","7":"category-politika","8":"category-vijesti","9":"category-vijesti-iz-bih","10":"tag-lokalni-izbori-2020"},"acf":[],"_links":{"self":[{"href":"https:\/\/tvsensor.com\/api\/wp\/v2\/posts\/17901","targetHints":{"allow":["GET"]}}],"collection":[{"href":"https:\/\/tvsensor.com\/api\/wp\/v2\/posts"}],"about":[{"href":"https:\/\/tvsensor.com\/api\/wp\/v2\/types\/post"}],"author":[{"embeddable":true,"href":"https:\/\/tvsensor.com\/api\/wp\/v2\/users\/4"}],"replies":[{"embeddable":true,"href":"https:\/\/tvsensor.com\/api\/wp\/v2\/comments?post=17901"}],"version-history":[{"count":2,"href":"https:\/\/tvsensor.com\/api\/wp\/v2\/posts\/17901\/revisions"}],"predecessor-version":[{"id":17905,"href":"https:\/\/tvsensor.com\/api\/wp\/v2\/posts\/17901\/revisions\/17905"}],"wp:featuredmedia":[{"embeddable":true,"href":"https:\/\/tvsensor.com\/api\/wp\/v2\/media\/17574"}],"wp:attachment":[{"href":"https:\/\/tvsensor.com\/api\/wp\/v2\/media?parent=17901"}],"wp:term":[{"taxonomy":"category","embeddable":true,"href":"https:\/\/tvsensor.com\/api\/wp\/v2\/categories?post=17901"},{"taxonomy":"post_tag","embeddable":true,"href":"https:\/\/tvsensor.com\/api\/wp\/v2\/tags?post=17901"}],"curies":[{"name":"wp","href":"https:\/\/api.w.org\/{rel}","templated":true}]}}