{"id":17745,"date":"2020-11-15T13:03:22","date_gmt":"2020-11-15T12:03:22","guid":{"rendered":"https:\/\/senzor.ba\/?p=17745"},"modified":"2024-01-15T21:43:04","modified_gmt":"2024-01-15T20:43:04","slug":"izborni-dan-u-visokom-do-12-sati-glasalo-7-212-gradjana-odnosno-213-posto-od-ukupnog-broja-glasaca","status":"publish","type":"post","link":"https:\/\/tvsensor.com\/clanak\/izborni-dan-u-visokom-do-12-sati-glasalo-7-212-gradjana-odnosno-213-posto-od-ukupnog-broja-glasaca\/","title":{"rendered":"Izborni dan u Visokom: Do 12 sati glasalo 7.212 gra\u0111ana, odnosno 21,3 posto od ukupnog broja glasa\u010da"},"content":{"rendered":"\n<p>Izborni dan u Visokom te\u010de zasad bez ve\u0107ih neregularnosti, a prema podacima Op\u0107inske izborne komisije Visoko do 12 sati na birali\u0161ta je iza\u0161lo 7.212 bira\u010da, \u0161to je ukupno 21,3 posto od ukupnog broja gra\u0111ana koji imaju pravo glasa na ovogodi\u0161njim lokalnim izborima u Visokom.<\/p>\n\n\n\n<p>Va\u017eno je napomenuti da pravo glasa u Visokom na ovim izborima ima 33.896 gra\u0111ana od ukupno 39.938 stanovnika, koliko je evidentirano na popisu iz 2013. godine.<\/p>\n\n\n\n<p>Kako su za na\u0161 portal kazali iz OIK-a Visoko, sva bira\u010dka mjesta otvorena su na vrijeme i uprkos epidemiolo\u0161koj situaciji ne postoje problemi koji bi na taj na\u010din naru\u0161ili izborni proces u na\u0161em gradu.<\/p>\n\n\n\n<p><strong>Podsje\u0107amo, u Visokom za mjesto gradona\u010delnika bore se tri kandidata, dok se za mjesto u Gradskom vije\u0107u Visoko bori 261 kandidat, o \u010demu smo ve\u0107 i ranije pisali.<\/strong><\/p>\n\n\n\n<p>Izvor: Visoko.co.ba<\/p>\n","protected":false},"excerpt":{"rendered":"<p>Izborni dan u Visokom te\u010de zasad bez ve\u0107ih neregularnosti, a prema podacima Op\u0107inske izborne komisije Visoko do 12 sati na birali\u0161ta je iza\u0161lo 7.212 bira\u010da, \u0161to je ukupno 21,3 posto od ukupnog broja gra\u0111ana koji imaju pravo glasa na ovogodi\u0161njim lokalnim izborima u Visokom. Va\u017eno je napomenuti da pravo glasa u Visokom na ovim izborima [&hellip;]<\/p>\n","protected":false},"author":4,"featured_media":17535,"comment_status":"open","ping_status":"closed","sticky":false,"template":"","format":"standard","meta":{"inline_featured_image":false,"footnotes":""},"categories":[234,37,38],"tags":[388,332,404],"class_list":{"0":"post-17745","1":"post","2":"type-post","3":"status-publish","4":"format-standard","5":"has-post-thumbnail","7":"category-politika","8":"category-vijesti","9":"category-vijesti-iz-bih","10":"tag-lokalni-izbori-2020","11":"tag-opcina-visoko","12":"tag-visoko"},"acf":[],"_links":{"self":[{"href":"https:\/\/tvsensor.com\/api\/wp\/v2\/posts\/17745","targetHints":{"allow":["GET"]}}],"collection":[{"href":"https:\/\/tvsensor.com\/api\/wp\/v2\/posts"}],"about":[{"href":"https:\/\/tvsensor.com\/api\/wp\/v2\/types\/post"}],"author":[{"embeddable":true,"href":"https:\/\/tvsensor.com\/api\/wp\/v2\/users\/4"}],"replies":[{"embeddable":true,"href":"https:\/\/tvsensor.com\/api\/wp\/v2\/comments?post=17745"}],"version-history":[{"count":2,"href":"https:\/\/tvsensor.com\/api\/wp\/v2\/posts\/17745\/revisions"}],"predecessor-version":[{"id":17747,"href":"https:\/\/tvsensor.com\/api\/wp\/v2\/posts\/17745\/revisions\/17747"}],"wp:featuredmedia":[{"embeddable":true,"href":"https:\/\/tvsensor.com\/api\/wp\/v2\/media\/17535"}],"wp:attachment":[{"href":"https:\/\/tvsensor.com\/api\/wp\/v2\/media?parent=17745"}],"wp:term":[{"taxonomy":"category","embeddable":true,"href":"https:\/\/tvsensor.com\/api\/wp\/v2\/categories?post=17745"},{"taxonomy":"post_tag","embeddable":true,"href":"https:\/\/tvsensor.com\/api\/wp\/v2\/tags?post=17745"}],"curies":[{"name":"wp","href":"https:\/\/api.w.org\/{rel}","templated":true}]}}