{"id":17727,"date":"2020-11-15T12:51:00","date_gmt":"2020-11-15T11:51:00","guid":{"rendered":"https:\/\/senzor.ba\/?p=17727"},"modified":"2024-01-15T21:43:05","modified_gmt":"2024-01-15T20:43:05","slug":"konakovic-nakon-glasanja-bit-ce-puno-onih-koji-gube-svoje-benefite-i-komoditete","status":"publish","type":"post","link":"https:\/\/tvsensor.com\/clanak\/konakovic-nakon-glasanja-bit-ce-puno-onih-koji-gube-svoje-benefite-i-komoditete\/","title":{"rendered":"Konakovi\u0107 nakon glasanja: Bit \u0107e puno onih koji gube svoje benefite i komoditete"},"content":{"rendered":"\n<p>Elmedin Konakovi\u0107, predsjednik Naroda i pravde, izjavio je nakon glasanja na svom bira\u010dkom mjestu u sarajevskom naselju Soukbunar da ima optimisti\u010dna o\u010dekivanja i da \u0107e biti puno onih koji gube svoje benefite i komoditete.&#8221;Sve ono \u0161to smo imali priliku vidjeti na terenu, u cijeloj Bosni i Hercegovini, a posebno u Sarajevu, naslu\u0107uje su\u0161tinske, dubinske, temeljne promjene u dru\u0161tvu. I na putu do bira\u010dkog mjesta uvidio sam da ljudi o\u010dekuju ozbiljne promjene&#8221;, rekao je Konakovi\u0107.<\/p>\n\n\n\n<p>Napominje kako nije &#8220;osjetio ovaku energiju u posljednjih desetak izbornih ciklusa&#8221; u kojima u\u010destvuje.<\/p>\n\n\n\n<p>&#8220;Vidio sam da se de\u0161ava mobilizacija SDA-ovog glasa\u010dkog tijela, da su direktori javnih preduze\u0107a, ustanova, strana\u010dki aktivisti od jutros aktivni, \u0161to budi i ovo glasa\u010dko tijelo koje je do sada apstiniralo&#8221;, kazao je Konakovi\u0107.<\/p>\n\n\n\n<p>Dodaje da je previ\u0161e lo\u0161ih pojava bilo u toku svih dosada\u0161njih kampanja, ali da je ove godine zbog pandemije kampanja bila za nijansu bla\u017ea.<\/p>\n\n\n\n<p>&#8220;Stalo mi je da smo mi imali kampanju koja je bila dosta regularna&#8230; Tenzija je puno. Ovi koji gube svoje benefite i komoditete bili su poprili\u010dno bu\u010dni. Svjesni su da se stanje u BiH ipak mijenja&#8221;, rekao je Konakovi\u0107.<\/p>\n\n\n\n<p>Klix.ba<\/p>\n","protected":false},"excerpt":{"rendered":"<p>Elmedin Konakovi\u0107, predsjednik Naroda i pravde, izjavio je nakon glasanja na svom bira\u010dkom mjestu u sarajevskom naselju Soukbunar da ima optimisti\u010dna o\u010dekivanja i da \u0107e biti puno onih koji gube svoje benefite i komoditete.&#8221;Sve ono \u0161to smo imali priliku vidjeti na terenu, u cijeloj Bosni i Hercegovini, a posebno u Sarajevu, naslu\u0107uje su\u0161tinske, dubinske, temeljne [&hellip;]<\/p>\n","protected":false},"author":4,"featured_media":17732,"comment_status":"open","ping_status":"closed","sticky":false,"template":"","format":"standard","meta":{"inline_featured_image":false,"footnotes":""},"categories":[234,37,38],"tags":[420,388,421],"class_list":{"0":"post-17727","1":"post","2":"type-post","3":"status-publish","4":"format-standard","5":"has-post-thumbnail","7":"category-politika","8":"category-vijesti","9":"category-vijesti-iz-bih","10":"tag-elmedin-konakovic","11":"tag-lokalni-izbori-2020","12":"tag-narod-i-pravda"},"acf":[],"_links":{"self":[{"href":"https:\/\/tvsensor.com\/api\/wp\/v2\/posts\/17727","targetHints":{"allow":["GET"]}}],"collection":[{"href":"https:\/\/tvsensor.com\/api\/wp\/v2\/posts"}],"about":[{"href":"https:\/\/tvsensor.com\/api\/wp\/v2\/types\/post"}],"author":[{"embeddable":true,"href":"https:\/\/tvsensor.com\/api\/wp\/v2\/users\/4"}],"replies":[{"embeddable":true,"href":"https:\/\/tvsensor.com\/api\/wp\/v2\/comments?post=17727"}],"version-history":[{"count":2,"href":"https:\/\/tvsensor.com\/api\/wp\/v2\/posts\/17727\/revisions"}],"predecessor-version":[{"id":17734,"href":"https:\/\/tvsensor.com\/api\/wp\/v2\/posts\/17727\/revisions\/17734"}],"wp:featuredmedia":[{"embeddable":true,"href":"https:\/\/tvsensor.com\/api\/wp\/v2\/media\/17732"}],"wp:attachment":[{"href":"https:\/\/tvsensor.com\/api\/wp\/v2\/media?parent=17727"}],"wp:term":[{"taxonomy":"category","embeddable":true,"href":"https:\/\/tvsensor.com\/api\/wp\/v2\/categories?post=17727"},{"taxonomy":"post_tag","embeddable":true,"href":"https:\/\/tvsensor.com\/api\/wp\/v2\/tags?post=17727"}],"curies":[{"name":"wp","href":"https:\/\/api.w.org\/{rel}","templated":true}]}}