{"id":17721,"date":"2020-11-15T12:39:36","date_gmt":"2020-11-15T11:39:36","guid":{"rendered":"https:\/\/senzor.ba\/?p=17721"},"modified":"2024-01-15T21:43:05","modified_gmt":"2024-01-15T20:43:05","slug":"cik-bih-izlaznost-do-11-sati-1488-posto","status":"publish","type":"post","link":"https:\/\/tvsensor.com\/clanak\/cik-bih-izlaznost-do-11-sati-1488-posto\/","title":{"rendered":"CIK BiH: Izlaznost do 11 sati 14,88 posto"},"content":{"rendered":"\n<p>Gra\u0111ani Bosne i Hercegovine danas na 5.759 bira\u010dkih mjesta ostvaruju svoje glasa\u010dko pravo. Na terenu je 388 redovnih mobilnih timova i 173 COVID tima.<\/p>\n\n\n\n<p>Najve\u0107i broj bira\u010dkih mjesta otvoren je na vrijeme. Ipak, zbog tehni\u010dkih problema, kako su naveli u CIK-u BiH, do ka\u0161njenja je do\u0161lo na nekim bira\u010dkim mjestima u Srebrenici, Han-Pijesku, \u010capljini, Srebreniku i \u010celincu.<\/p>\n\n\n\n<p>Kada je rije\u010d o izlaznosti bira\u010da, ona je do 11 sati iznosila 14,88 posto na nivou BiH &#8211; u Federaciji BiH 13,56, u RS-u 18,07 posto.&nbsp;<\/p>\n\n\n\n<p>Za Distrikt Br\u010dko jo\u0161 nisu dostavljeni podaci CIK-u BiH.&nbsp;<\/p>\n\n\n\n<p>Prosje\u010dan odziv prema podacima CIK-a do 11 sati iznosio je 16,18 posto.<\/p>\n\n\n\n<p>Izvor: federalna.ba<\/p>\n","protected":false},"excerpt":{"rendered":"<p>Gra\u0111ani Bosne i Hercegovine danas na 5.759 bira\u010dkih mjesta ostvaruju svoje glasa\u010dko pravo. Na terenu je 388 redovnih mobilnih timova i 173 COVID tima. Najve\u0107i broj bira\u010dkih mjesta otvoren je na vrijeme. Ipak, zbog tehni\u010dkih problema, kako su naveli u CIK-u BiH, do ka\u0161njenja je do\u0161lo na nekim bira\u010dkim mjestima u Srebrenici, Han-Pijesku, \u010capljini, Srebreniku [&hellip;]<\/p>\n","protected":false},"author":7,"featured_media":17587,"comment_status":"open","ping_status":"closed","sticky":false,"template":"","format":"standard","meta":{"inline_featured_image":false,"footnotes":""},"categories":[234,37,38],"tags":[],"class_list":{"0":"post-17721","1":"post","2":"type-post","3":"status-publish","4":"format-standard","5":"has-post-thumbnail","7":"category-politika","8":"category-vijesti","9":"category-vijesti-iz-bih"},"acf":[],"_links":{"self":[{"href":"https:\/\/tvsensor.com\/api\/wp\/v2\/posts\/17721","targetHints":{"allow":["GET"]}}],"collection":[{"href":"https:\/\/tvsensor.com\/api\/wp\/v2\/posts"}],"about":[{"href":"https:\/\/tvsensor.com\/api\/wp\/v2\/types\/post"}],"author":[{"embeddable":true,"href":"https:\/\/tvsensor.com\/api\/wp\/v2\/users\/7"}],"replies":[{"embeddable":true,"href":"https:\/\/tvsensor.com\/api\/wp\/v2\/comments?post=17721"}],"version-history":[{"count":2,"href":"https:\/\/tvsensor.com\/api\/wp\/v2\/posts\/17721\/revisions"}],"predecessor-version":[{"id":17723,"href":"https:\/\/tvsensor.com\/api\/wp\/v2\/posts\/17721\/revisions\/17723"}],"wp:featuredmedia":[{"embeddable":true,"href":"https:\/\/tvsensor.com\/api\/wp\/v2\/media\/17587"}],"wp:attachment":[{"href":"https:\/\/tvsensor.com\/api\/wp\/v2\/media?parent=17721"}],"wp:term":[{"taxonomy":"category","embeddable":true,"href":"https:\/\/tvsensor.com\/api\/wp\/v2\/categories?post=17721"},{"taxonomy":"post_tag","embeddable":true,"href":"https:\/\/tvsensor.com\/api\/wp\/v2\/tags?post=17721"}],"curies":[{"name":"wp","href":"https:\/\/api.w.org\/{rel}","templated":true}]}}