{"id":17713,"date":"2020-11-15T12:26:55","date_gmt":"2020-11-15T11:26:55","guid":{"rendered":"https:\/\/senzor.ba\/?p=17713"},"modified":"2024-01-15T21:43:06","modified_gmt":"2024-01-15T20:43:06","slug":"sbk-izborni-proces-tece-bez-vecih-problema","status":"publish","type":"post","link":"https:\/\/tvsensor.com\/clanak\/sbk-izborni-proces-tece-bez-vecih-problema\/","title":{"rendered":"SBK: Izborni proces te\u010de bez ve\u0107ih problema"},"content":{"rendered":"\n<p>Izborni proces u svih 12 op\u0107ina na podru\u010dju Srednjobosanskog kantona proti\u010de bez ve\u0107ih problema, potvrdili su nam iz op\u0107inskih izbornih komisija.&nbsp;<\/p>\n\n\n\n<p>Izlaznost bira\u010da do 11 sati je uobi\u010dajena, ka\u017eu, za prijepodnevne sate i kre\u0107e se od 7,41% u Dobreti\u0107ima, do 20,16 % bira\u010da koji su od jutros glasali u Gornjem Vakufu\/Uskoplju. <\/p>\n\n\n\n<figure class=\"wp-block-embed-wordpress wp-block-embed is-type-wp-embed is-provider-senzor\"><div class=\"wp-block-embed__wrapper\">\n<blockquote class=\"wp-embedded-content\" data-secret=\"QNMpiBmmOd\"><a href=\"https:\/\/tvsensor.com\/odziv-biraca-u-opcini-ilidza-u-11-sati-je-1353\/\">Odziv bira\u010da u Op\u0107ini Ilid\u017ea u 11 sati je 13,53 %<\/a><\/blockquote><iframe loading=\"lazy\" class=\"wp-embedded-content\" sandbox=\"allow-scripts\" security=\"restricted\" style=\"position: absolute; clip: rect(1px, 1px, 1px, 1px);\" title=\"&#8220;Odziv bira\u010da u Op\u0107ini Ilid\u017ea u 11 sati je 13,53 %&#8221; &#8212; TVSensor\" src=\"https:\/\/tvsensor.com\/odziv-biraca-u-opcini-ilidza-u-11-sati-je-1353\/embed\/#?secret=niawxWjsWu#?secret=QNMpiBmmOd\" data-secret=\"QNMpiBmmOd\" width=\"600\" height=\"338\" frameborder=\"0\" marginwidth=\"0\" marginheight=\"0\" scrolling=\"no\"><\/iframe>\n<\/div><\/figure>\n\n\n\n<p>Ve\u0107a izlaznost o\u010dekuje se u poslijepodnevnim satima, a iz lokalnih izbornih komisija podsje\u0107aju i pozivaju gra\u0111ane na po\u0161tivanje propisanih epidemiolo\u0161kih mjera prilikom procesa glasanja.<\/p>\n\n\n\n<p>Ina\u010de, na podru\u010dju ovog kantona vi\u0161e od 220 hiljada prijavljenih bira\u010da, bira 12 na\u010delnika, te isto toliko saziva op\u0107inskih vije\u0107a.<\/p>\n\n\n\n<p>Izvor: federalna.ba<\/p>\n","protected":false},"excerpt":{"rendered":"<p>Izborni proces u svih 12 op\u0107ina na podru\u010dju Srednjobosanskog kantona proti\u010de bez ve\u0107ih problema, potvrdili su nam iz op\u0107inskih izbornih komisija.&nbsp; Izlaznost bira\u010da do 11 sati je uobi\u010dajena, ka\u017eu, za prijepodnevne sate i kre\u0107e se od 7,41% u Dobreti\u0107ima, do 20,16 % bira\u010da koji su od jutros glasali u Gornjem Vakufu\/Uskoplju. Ve\u0107a izlaznost o\u010dekuje se [&hellip;]<\/p>\n","protected":false},"author":7,"featured_media":17714,"comment_status":"open","ping_status":"closed","sticky":false,"template":"","format":"standard","meta":{"inline_featured_image":false,"footnotes":""},"categories":[234,37,38],"tags":[],"class_list":{"0":"post-17713","1":"post","2":"type-post","3":"status-publish","4":"format-standard","5":"has-post-thumbnail","7":"category-politika","8":"category-vijesti","9":"category-vijesti-iz-bih"},"acf":[],"_links":{"self":[{"href":"https:\/\/tvsensor.com\/api\/wp\/v2\/posts\/17713","targetHints":{"allow":["GET"]}}],"collection":[{"href":"https:\/\/tvsensor.com\/api\/wp\/v2\/posts"}],"about":[{"href":"https:\/\/tvsensor.com\/api\/wp\/v2\/types\/post"}],"author":[{"embeddable":true,"href":"https:\/\/tvsensor.com\/api\/wp\/v2\/users\/7"}],"replies":[{"embeddable":true,"href":"https:\/\/tvsensor.com\/api\/wp\/v2\/comments?post=17713"}],"version-history":[{"count":3,"href":"https:\/\/tvsensor.com\/api\/wp\/v2\/posts\/17713\/revisions"}],"predecessor-version":[{"id":17720,"href":"https:\/\/tvsensor.com\/api\/wp\/v2\/posts\/17713\/revisions\/17720"}],"wp:featuredmedia":[{"embeddable":true,"href":"https:\/\/tvsensor.com\/api\/wp\/v2\/media\/17714"}],"wp:attachment":[{"href":"https:\/\/tvsensor.com\/api\/wp\/v2\/media?parent=17713"}],"wp:term":[{"taxonomy":"category","embeddable":true,"href":"https:\/\/tvsensor.com\/api\/wp\/v2\/categories?post=17713"},{"taxonomy":"post_tag","embeddable":true,"href":"https:\/\/tvsensor.com\/api\/wp\/v2\/tags?post=17713"}],"curies":[{"name":"wp","href":"https:\/\/api.w.org\/{rel}","templated":true}]}}