{"id":17700,"date":"2020-11-15T12:16:49","date_gmt":"2020-11-15T11:16:49","guid":{"rendered":"https:\/\/senzor.ba\/?p=17700"},"modified":"2024-01-15T21:43:06","modified_gmt":"2024-01-15T20:43:06","slug":"nevesinje-otvoreno-je-i-jedno-biracko-mjesto-za-glasanje-na-nepotvrdjenim-glasackim-listicima","status":"publish","type":"post","link":"https:\/\/tvsensor.com\/clanak\/nevesinje-otvoreno-je-i-jedno-biracko-mjesto-za-glasanje-na-nepotvrdjenim-glasackim-listicima\/","title":{"rendered":"Nevesinje: Otvoreno je i jedno bira\u010dko mjesto za glasanje na nepotvr\u0111enim glasa\u010dkim listi\u0107ima"},"content":{"rendered":"\n<p>Sva bira\u010dka mjesta na podru\u010dju op\u0161tine Nevesinje otvorena su na vrijeme, potvrdio je Milan \u017deraji\u0107 iz Op\u0161tinske izborne komisije Nevesinje.<\/p>\n\n\n\n<p>On je naveo da je za glasanje registrovano 11.015 glasa\u010da, koji \u0107e glasati na 32 bira\u010dka mjesta.<\/p>\n\n\n\n<p>Prema njegovim rije\u010dima, otvoreno je i jedno bira\u010dko mjesto za glasanje na nepotvr\u0111enim glasa\u010dkim listi\u0107ima, a formirana su dva mobilna Covid tima koja su ve\u0107 na terenu.<\/p>\n\n\n\n<p>Stanovnici Nevesinja biraju izme\u0111u tri kandidata za na\u010delnika op\u0161tine i 20 politi\u010dkih subjekata.<\/p>\n\n\n\n<p>federalna.ba<\/p>\n","protected":false},"excerpt":{"rendered":"<p>Sva bira\u010dka mjesta na podru\u010dju op\u0161tine Nevesinje otvorena su na vrijeme, potvrdio je Milan \u017deraji\u0107 iz Op\u0161tinske izborne komisije Nevesinje. On je naveo da je za glasanje registrovano 11.015 glasa\u010da, koji \u0107e glasati na 32 bira\u010dka mjesta. Prema njegovim rije\u010dima, otvoreno je i jedno bira\u010dko mjesto za glasanje na nepotvr\u0111enim glasa\u010dkim listi\u0107ima, a formirana su [&hellip;]<\/p>\n","protected":false},"author":4,"featured_media":17565,"comment_status":"open","ping_status":"closed","sticky":false,"template":"","format":"standard","meta":{"inline_featured_image":false,"footnotes":""},"categories":[234,37,38],"tags":[388,418],"class_list":{"0":"post-17700","1":"post","2":"type-post","3":"status-publish","4":"format-standard","5":"has-post-thumbnail","7":"category-politika","8":"category-vijesti","9":"category-vijesti-iz-bih","10":"tag-lokalni-izbori-2020","11":"tag-nevesinje"},"acf":[],"_links":{"self":[{"href":"https:\/\/tvsensor.com\/api\/wp\/v2\/posts\/17700","targetHints":{"allow":["GET"]}}],"collection":[{"href":"https:\/\/tvsensor.com\/api\/wp\/v2\/posts"}],"about":[{"href":"https:\/\/tvsensor.com\/api\/wp\/v2\/types\/post"}],"author":[{"embeddable":true,"href":"https:\/\/tvsensor.com\/api\/wp\/v2\/users\/4"}],"replies":[{"embeddable":true,"href":"https:\/\/tvsensor.com\/api\/wp\/v2\/comments?post=17700"}],"version-history":[{"count":2,"href":"https:\/\/tvsensor.com\/api\/wp\/v2\/posts\/17700\/revisions"}],"predecessor-version":[{"id":17702,"href":"https:\/\/tvsensor.com\/api\/wp\/v2\/posts\/17700\/revisions\/17702"}],"wp:featuredmedia":[{"embeddable":true,"href":"https:\/\/tvsensor.com\/api\/wp\/v2\/media\/17565"}],"wp:attachment":[{"href":"https:\/\/tvsensor.com\/api\/wp\/v2\/media?parent=17700"}],"wp:term":[{"taxonomy":"category","embeddable":true,"href":"https:\/\/tvsensor.com\/api\/wp\/v2\/categories?post=17700"},{"taxonomy":"post_tag","embeddable":true,"href":"https:\/\/tvsensor.com\/api\/wp\/v2\/tags?post=17700"}],"curies":[{"name":"wp","href":"https:\/\/api.w.org\/{rel}","templated":true}]}}