{"id":17696,"date":"2020-11-15T12:11:10","date_gmt":"2020-11-15T11:11:10","guid":{"rendered":"https:\/\/senzor.ba\/?p=17696"},"modified":"2024-01-15T21:43:06","modified_gmt":"2024-01-15T20:43:06","slug":"hadzikadica-iznenadio-mali-broj-ljudi-na-biralistu-promjene-su-moguce-jedino-glasanjem","status":"publish","type":"post","link":"https:\/\/tvsensor.com\/clanak\/hadzikadica-iznenadio-mali-broj-ljudi-na-biralistu-promjene-su-moguce-jedino-glasanjem\/","title":{"rendered":"Had\u017eikadi\u0107a iznenadio mali broj ljudi na birali\u0161tu: Promjene su mogu\u0107e jedino glasanjem"},"content":{"rendered":"\n<p>Mirsad Had\u017eikadi\u0107, predsjednik Platforme za progres, glasao je danas na svom bira\u010dkom mjestu u sarajevskoj op\u0107ini Centar, poru\u010div\u0161i potom da su promjene mogu\u0107e jedino glasanjem. <\/p>\n\n\n\n<p>&#8220;Iznenadio me mali broj ljudi na bira\u010dkom mjestu. Nadam se da \u0107e gra\u0111ani biti svjesni svoje du\u017enosti i glasati. Samo tako mo\u017ee do\u0107i do promjene. Nadam se da \u0107e se u toku dana broj glasa\u010da pove\u0107ati&#8221;, kazao je Had\u017eikadi\u0107.<\/p>\n\n\n\n<p>Uvjeren je da \u0107e Platforma za progres odli\u010dno pro\u0107i na Lokalnim izborima ukoliko izbori budu po\u0161teni.<\/p>\n\n\n\n<p>&#8220;Mislim da \u0107emo odli\u010dno pro\u0107i na izborima ukoliko bira\u010dki odbori, odnosno broja\u010di dopuste na\u0161 uspjeh&#8221;, kazao je Had\u017eikadi\u0107<\/p>\n\n\n\n<p>Izvor: Klix.ba<\/p>\n","protected":false},"excerpt":{"rendered":"<p>Mirsad Had\u017eikadi\u0107, predsjednik Platforme za progres, glasao je danas na svom bira\u010dkom mjestu u sarajevskoj op\u0107ini Centar, poru\u010div\u0161i potom da su promjene mogu\u0107e jedino glasanjem. &#8220;Iznenadio me mali broj ljudi na bira\u010dkom mjestu. Nadam se da \u0107e gra\u0111ani biti svjesni svoje du\u017enosti i glasati. Samo tako mo\u017ee do\u0107i do promjene. Nadam se da \u0107e se [&hellip;]<\/p>\n","protected":false},"author":4,"featured_media":17697,"comment_status":"open","ping_status":"closed","sticky":false,"template":"","format":"standard","meta":{"inline_featured_image":false,"footnotes":""},"categories":[234,37,38],"tags":[388,417],"class_list":{"0":"post-17696","1":"post","2":"type-post","3":"status-publish","4":"format-standard","5":"has-post-thumbnail","7":"category-politika","8":"category-vijesti","9":"category-vijesti-iz-bih","10":"tag-lokalni-izbori-2020","11":"tag-mirsad-hadzikadic"},"acf":[],"_links":{"self":[{"href":"https:\/\/tvsensor.com\/api\/wp\/v2\/posts\/17696","targetHints":{"allow":["GET"]}}],"collection":[{"href":"https:\/\/tvsensor.com\/api\/wp\/v2\/posts"}],"about":[{"href":"https:\/\/tvsensor.com\/api\/wp\/v2\/types\/post"}],"author":[{"embeddable":true,"href":"https:\/\/tvsensor.com\/api\/wp\/v2\/users\/4"}],"replies":[{"embeddable":true,"href":"https:\/\/tvsensor.com\/api\/wp\/v2\/comments?post=17696"}],"version-history":[{"count":2,"href":"https:\/\/tvsensor.com\/api\/wp\/v2\/posts\/17696\/revisions"}],"predecessor-version":[{"id":17699,"href":"https:\/\/tvsensor.com\/api\/wp\/v2\/posts\/17696\/revisions\/17699"}],"wp:featuredmedia":[{"embeddable":true,"href":"https:\/\/tvsensor.com\/api\/wp\/v2\/media\/17697"}],"wp:attachment":[{"href":"https:\/\/tvsensor.com\/api\/wp\/v2\/media?parent=17696"}],"wp:term":[{"taxonomy":"category","embeddable":true,"href":"https:\/\/tvsensor.com\/api\/wp\/v2\/categories?post=17696"},{"taxonomy":"post_tag","embeddable":true,"href":"https:\/\/tvsensor.com\/api\/wp\/v2\/tags?post=17696"}],"curies":[{"name":"wp","href":"https:\/\/api.w.org\/{rel}","templated":true}]}}