{"id":17693,"date":"2020-11-15T12:04:11","date_gmt":"2020-11-15T11:04:11","guid":{"rendered":"https:\/\/senzor.ba\/?p=17693"},"modified":"2024-01-15T21:43:06","modified_gmt":"2024-01-15T20:43:06","slug":"glasanje-prekinuto-u-mjestu-suhaca-u-novom-gradu-glasacki-materijal-prebacen-u-sjediste-oik-a","status":"publish","type":"post","link":"https:\/\/tvsensor.com\/clanak\/glasanje-prekinuto-u-mjestu-suhaca-u-novom-gradu-glasacki-materijal-prebacen-u-sjediste-oik-a\/","title":{"rendered":"Glasanje prekinuto u mjestu Suha\u010da u Novom Gradu, glasa\u010dki materijal preba\u010den u sjedi\u0161te OIK-a"},"content":{"rendered":"\n<p>Op\u0161tinska izborna komisija Novi Grad \u0107e nakon konsultacija sa Centralnom izbornom komisijom BiH odlu\u010diti o nastavku izja\u0161njavanja gra\u0111ana sa bira\u010dkog mjesta Suha\u010da, gdje je izborni proces jutros prekinut, re\u010deno je u OIK-u.<\/p>\n\n\n\n<p>Predsjednik OIK-a Ljuban Kne\u017eevi\u0107 rekao je da je na ovom bira\u010dkom mjestu Suha\u010da bilo problema od jutros i potvrdio da se izborni materijal sa tog birali\u0161ta nalazi u OIK-u Novi Grad.<\/p>\n\n\n\n<p>&#8220;Bira\u010dki proces je po\u010deo, ali je prekinut zbog neprimjerenog pona\u0161anja predsjednika bira\u010dkog odbora. \u010clanovi OIK-a su bili na bira\u010dkom mjestu Suha\u010da i ustanovili da ne postoje uslovi da se nastavi izborni proces&#8221;, rekao je on.<\/p>\n\n\n\n<p>Prema njegovim rije\u010dima, izborni materijal je radi bezbjednosti dopremljen u sjedi\u0161te OIK-a, a \u010dlanovi bira\u010dkog odbora na bira\u010dkom mjestu Suha\u010da su dali izjave<\/p>\n","protected":false},"excerpt":{"rendered":"<p>Op\u0161tinska izborna komisija Novi Grad \u0107e nakon konsultacija sa Centralnom izbornom komisijom BiH odlu\u010diti o nastavku izja\u0161njavanja gra\u0111ana sa bira\u010dkog mjesta Suha\u010da, gdje je izborni proces jutros prekinut, re\u010deno je u OIK-u. Predsjednik OIK-a Ljuban Kne\u017eevi\u0107 rekao je da je na ovom bira\u010dkom mjestu Suha\u010da bilo problema od jutros i potvrdio da se izborni materijal [&hellip;]<\/p>\n","protected":false},"author":4,"featured_media":17557,"comment_status":"open","ping_status":"closed","sticky":false,"template":"","format":"standard","meta":{"inline_featured_image":false,"footnotes":""},"categories":[234,37,38],"tags":[],"class_list":{"0":"post-17693","1":"post","2":"type-post","3":"status-publish","4":"format-standard","5":"has-post-thumbnail","7":"category-politika","8":"category-vijesti","9":"category-vijesti-iz-bih"},"acf":[],"_links":{"self":[{"href":"https:\/\/tvsensor.com\/api\/wp\/v2\/posts\/17693","targetHints":{"allow":["GET"]}}],"collection":[{"href":"https:\/\/tvsensor.com\/api\/wp\/v2\/posts"}],"about":[{"href":"https:\/\/tvsensor.com\/api\/wp\/v2\/types\/post"}],"author":[{"embeddable":true,"href":"https:\/\/tvsensor.com\/api\/wp\/v2\/users\/4"}],"replies":[{"embeddable":true,"href":"https:\/\/tvsensor.com\/api\/wp\/v2\/comments?post=17693"}],"version-history":[{"count":2,"href":"https:\/\/tvsensor.com\/api\/wp\/v2\/posts\/17693\/revisions"}],"predecessor-version":[{"id":17695,"href":"https:\/\/tvsensor.com\/api\/wp\/v2\/posts\/17693\/revisions\/17695"}],"wp:featuredmedia":[{"embeddable":true,"href":"https:\/\/tvsensor.com\/api\/wp\/v2\/media\/17557"}],"wp:attachment":[{"href":"https:\/\/tvsensor.com\/api\/wp\/v2\/media?parent=17693"}],"wp:term":[{"taxonomy":"category","embeddable":true,"href":"https:\/\/tvsensor.com\/api\/wp\/v2\/categories?post=17693"},{"taxonomy":"post_tag","embeddable":true,"href":"https:\/\/tvsensor.com\/api\/wp\/v2\/tags?post=17693"}],"curies":[{"name":"wp","href":"https:\/\/api.w.org\/{rel}","templated":true}]}}