{"id":17618,"date":"2020-11-15T10:43:36","date_gmt":"2020-11-15T09:43:36","guid":{"rendered":"https:\/\/senzor.ba\/?p=17618"},"modified":"2024-01-15T21:43:09","modified_gmt":"2024-01-15T20:43:09","slug":"biralista-otvorena-u-bugojnu-nije-bilo-problema","status":"publish","type":"post","link":"https:\/\/tvsensor.com\/clanak\/biralista-otvorena-u-bugojnu-nije-bilo-problema\/","title":{"rendered":"Birali\u0161ta otvorena u Bugojnu, nije bilo problema"},"content":{"rendered":"\n<p>Birali\u0161ta na podru\u010dju op\u0107ine Bugojno otvorena su jutros u sedam sati, te za sada nema problema, niti ve\u0107e gu\u017eve, izjavio je Feni predsjednik Op\u0107inskog izbornog povjerenstva Mirza Ibrahimovi\u0107.<\/p>\n\n\n\n<p>&#8211; Obi\u0161ao sam \u010detiri bira\u010dka mjesta i trenutno nema gu\u017eve &#8211; kazao je Ibrahimovi\u0107.<\/p>\n\n\n\n<p>Na podru\u010dju op\u0107ine Bugojno otvorena su 43 redovna bira\u010dka mjesta, a na terenu su tri mobilna tima.<\/p>\n\n\n\n<figure class=\"wp-block-embed-wordpress wp-block-embed is-type-wp-embed is-provider-senzor\"><div class=\"wp-block-embed__wrapper\">\n<blockquote class=\"wp-embedded-content\" data-secret=\"VLNQvV8HgA\"><a href=\"https:\/\/tvsensor.com\/izetbegovici-ubacili-glasove-u-kutiju-lider-sda-smatra-da-ce-stranka-napraviti-manji-korak-naprijed\/\">Izetbegovi\u0107i ubacili glasove u kutiju, lider SDA smatra da \u0107e stranka napraviti manji korak naprijed<\/a><\/blockquote><iframe loading=\"lazy\" class=\"wp-embedded-content\" sandbox=\"allow-scripts\" security=\"restricted\" style=\"position: absolute; clip: rect(1px, 1px, 1px, 1px);\" title=\"&#8220;Izetbegovi\u0107i ubacili glasove u kutiju, lider SDA smatra da \u0107e stranka napraviti manji korak naprijed&#8221; &#8212; TVSensor\" src=\"https:\/\/tvsensor.com\/izetbegovici-ubacili-glasove-u-kutiju-lider-sda-smatra-da-ce-stranka-napraviti-manji-korak-naprijed\/embed\/#?secret=x7NGJQvBZF#?secret=VLNQvV8HgA\" data-secret=\"VLNQvV8HgA\" width=\"600\" height=\"338\" frameborder=\"0\" marginwidth=\"0\" marginheight=\"0\" scrolling=\"no\"><\/iframe>\n<\/div><\/figure>\n\n\n\n<p>Kako ka\u017ee Ibrahimovi\u0107, tri mobilna tima namijenjena su i za oboljele od covida 19, odnosno za osobe u samoizolaciji.<\/p>\n\n\n\n<p>U op\u0107ini Bugojno registrirano je oko 30.000 bira\u010da koji \u0107e danas mo\u0107i glasati za budu\u0107i sastav Op\u0107inskog vije\u0107a, kao i za poziciju na\u010delnika za koju su kandididirane \u010detiri osobe.<\/p>\n\n\n\n<p>Izvor: federalna.ba\/Fena<\/p>\n","protected":false},"excerpt":{"rendered":"<p>Birali\u0161ta na podru\u010dju op\u0107ine Bugojno otvorena su jutros u sedam sati, te za sada nema problema, niti ve\u0107e gu\u017eve, izjavio je Feni predsjednik Op\u0107inskog izbornog povjerenstva Mirza Ibrahimovi\u0107. &#8211; Obi\u0161ao sam \u010detiri bira\u010dka mjesta i trenutno nema gu\u017eve &#8211; kazao je Ibrahimovi\u0107. Na podru\u010dju op\u0107ine Bugojno otvorena su 43 redovna bira\u010dka mjesta, a na terenu [&hellip;]<\/p>\n","protected":false},"author":7,"featured_media":17498,"comment_status":"open","ping_status":"closed","sticky":false,"template":"","format":"standard","meta":{"inline_featured_image":false,"footnotes":""},"categories":[234,37,38],"tags":[],"class_list":{"0":"post-17618","1":"post","2":"type-post","3":"status-publish","4":"format-standard","5":"has-post-thumbnail","7":"category-politika","8":"category-vijesti","9":"category-vijesti-iz-bih"},"acf":[],"_links":{"self":[{"href":"https:\/\/tvsensor.com\/api\/wp\/v2\/posts\/17618","targetHints":{"allow":["GET"]}}],"collection":[{"href":"https:\/\/tvsensor.com\/api\/wp\/v2\/posts"}],"about":[{"href":"https:\/\/tvsensor.com\/api\/wp\/v2\/types\/post"}],"author":[{"embeddable":true,"href":"https:\/\/tvsensor.com\/api\/wp\/v2\/users\/7"}],"replies":[{"embeddable":true,"href":"https:\/\/tvsensor.com\/api\/wp\/v2\/comments?post=17618"}],"version-history":[{"count":3,"href":"https:\/\/tvsensor.com\/api\/wp\/v2\/posts\/17618\/revisions"}],"predecessor-version":[{"id":17625,"href":"https:\/\/tvsensor.com\/api\/wp\/v2\/posts\/17618\/revisions\/17625"}],"wp:featuredmedia":[{"embeddable":true,"href":"https:\/\/tvsensor.com\/api\/wp\/v2\/media\/17498"}],"wp:attachment":[{"href":"https:\/\/tvsensor.com\/api\/wp\/v2\/media?parent=17618"}],"wp:term":[{"taxonomy":"category","embeddable":true,"href":"https:\/\/tvsensor.com\/api\/wp\/v2\/categories?post=17618"},{"taxonomy":"post_tag","embeddable":true,"href":"https:\/\/tvsensor.com\/api\/wp\/v2\/tags?post=17618"}],"curies":[{"name":"wp","href":"https:\/\/api.w.org\/{rel}","templated":true}]}}