{"id":17616,"date":"2020-11-15T10:43:26","date_gmt":"2020-11-15T09:43:26","guid":{"rendered":"https:\/\/senzor.ba\/?p=17616"},"modified":"2024-01-15T21:43:09","modified_gmt":"2024-01-15T20:43:09","slug":"izetbegovici-ubacili-glasove-u-kutiju-lider-sda-smatra-da-ce-stranka-napraviti-manji-korak-naprijed","status":"publish","type":"post","link":"https:\/\/tvsensor.com\/clanak\/izetbegovici-ubacili-glasove-u-kutiju-lider-sda-smatra-da-ce-stranka-napraviti-manji-korak-naprijed\/","title":{"rendered":"Izetbegovi\u0107i ubacili glasove u kutiju, lider SDA smatra da \u0107e stranka napraviti manji korak naprijed"},"content":{"rendered":"\n<p><strong>Predsjednik SDA Bakir Izetbegovi\u0107 i njegova supruga, direktorica KCUS-a, Sebija Izetbegovi\u0107 obavili su gra\u0111ansku du\u017enost i glasali na lokalnim izborima.<\/strong><\/p>\n\n\n\n<p>Nakon \u0161to su zaokru\u017eili kandidate i stranku kojoj su dali povjerenje, lider SDA je odgovorio na novinarska pitanja.<\/p>\n\n\n\n<p>Prvo je bilo za\u0161to su odr\u017eavani predizborni skupovi SDA u vrijeme pandemije te da li se treba izviniti zbog toga kao predsjednik stranke.<\/p>\n\n\n\n<p>&#8220;Bitno je bilo je da se predizborni skupovi dr\u017ee u skladu sa propisanim mjerama. Nisu se svi tako odr\u017eavali. Mnogi su grije\u0161ili i to nije bilo dobro. Mogli smo odustati, ali bolje odr\u017eati, kao \u0161to ka\u017eu na toplom re\u017eimu. I to je dio demokratije. Ne mislim da dugujem izvinjenje, ali ako se trebam nekome ne\u0161to izviniti, vrlo rado&#8221;, kazao je.<\/p>\n\n\n\n<p>Izetbegovi\u0107 je pozvao gra\u0111ane da iza\u0111u na izbore i glasaju.<\/p>\n\n\n\n<p>&#8220;Neka biraju one koji dobro rade, a ne one koji dobro pri\u010daju. To je naro\u010dito va\u017eno za na\u010delnike. Lokalna politika se vezuje i sa onom na vrhu dr\u017eave, a znamo kakve probleme imamo pa je i to dobro imati u vidu&#8221;, poru\u010dio je.<\/p>\n\n\n\n<p>Kazao je i kako \u0107e SDA \u0107e napraviti manji korak naprijed na ovim lokalnim izborima.<\/p>\n\n\n\n<p>&#8220;Nikakvi kako najavljuju tektonski poreme\u0107aji iz temelja se ne\u0107e desiti. Mislim da su na\u010delnici SDA radili dobro&#8221;, kazao je.<\/p>\n","protected":false},"excerpt":{"rendered":"<p>Predsjednik SDA Bakir Izetbegovi\u0107 i njegova supruga, direktorica KCUS-a, Sebija Izetbegovi\u0107 obavili su gra\u0111ansku du\u017enost i glasali na lokalnim izborima. Nakon \u0161to su zaokru\u017eili kandidate i stranku kojoj su dali povjerenje, lider SDA je odgovorio na novinarska pitanja. Prvo je bilo za\u0161to su odr\u017eavani predizborni skupovi SDA u vrijeme pandemije te da li se treba [&hellip;]<\/p>\n","protected":false},"author":4,"featured_media":17619,"comment_status":"open","ping_status":"closed","sticky":false,"template":"","format":"standard","meta":{"inline_featured_image":false,"footnotes":""},"categories":[234,37,38],"tags":[401,388,402],"class_list":{"0":"post-17616","1":"post","2":"type-post","3":"status-publish","4":"format-standard","5":"has-post-thumbnail","7":"category-politika","8":"category-vijesti","9":"category-vijesti-iz-bih","10":"tag-bakir-izetbegovic","11":"tag-lokalni-izbori-2020","12":"tag-sebija-izetgebovic"},"acf":[],"_links":{"self":[{"href":"https:\/\/tvsensor.com\/api\/wp\/v2\/posts\/17616","targetHints":{"allow":["GET"]}}],"collection":[{"href":"https:\/\/tvsensor.com\/api\/wp\/v2\/posts"}],"about":[{"href":"https:\/\/tvsensor.com\/api\/wp\/v2\/types\/post"}],"author":[{"embeddable":true,"href":"https:\/\/tvsensor.com\/api\/wp\/v2\/users\/4"}],"replies":[{"embeddable":true,"href":"https:\/\/tvsensor.com\/api\/wp\/v2\/comments?post=17616"}],"version-history":[{"count":2,"href":"https:\/\/tvsensor.com\/api\/wp\/v2\/posts\/17616\/revisions"}],"predecessor-version":[{"id":17621,"href":"https:\/\/tvsensor.com\/api\/wp\/v2\/posts\/17616\/revisions\/17621"}],"wp:featuredmedia":[{"embeddable":true,"href":"https:\/\/tvsensor.com\/api\/wp\/v2\/media\/17619"}],"wp:attachment":[{"href":"https:\/\/tvsensor.com\/api\/wp\/v2\/media?parent=17616"}],"wp:term":[{"taxonomy":"category","embeddable":true,"href":"https:\/\/tvsensor.com\/api\/wp\/v2\/categories?post=17616"},{"taxonomy":"post_tag","embeddable":true,"href":"https:\/\/tvsensor.com\/api\/wp\/v2\/tags?post=17616"}],"curies":[{"name":"wp","href":"https:\/\/api.w.org\/{rel}","templated":true}]}}