{"id":1747,"date":"2019-03-13T10:41:11","date_gmt":"2019-03-13T10:41:11","guid":{"rendered":"https:\/\/senzor.ba\/?p=1747"},"modified":"2024-01-15T21:49:34","modified_gmt":"2024-01-15T20:49:34","slug":"dr-mehmed-spaho-roden-je-13-03-1883","status":"publish","type":"post","link":"https:\/\/tvsensor.com\/clanak\/dr-mehmed-spaho-roden-je-13-03-1883\/","title":{"rendered":"Dr. Mehmed Spaho ro\u0111en je 13.03.1883."},"content":{"rendered":"\n<p><strong>Mehmed je zavr\u0161io osnovnu \u0161kolu i gimnaziju u Sarajevu \n(1902.), a Pravni fakultet u Be\u010du (1906. god.). Doktorski ispit je \npolagao krajem 1907., a 1908. je promoviran u doktora pravnih nauka.<\/strong><\/p>\n\n\n\n<p>Mehmed Spaho je ro\u0111en 1883. godine u Sarajevu. Otac mu je bio&nbsp;veliki \npoznavalac \u0161erijatskog prava, te kadija u Jajcu, Sofiji, Damasku i \nKairu. Mehmed je zavr\u0161io osnovnu \u0161kolu i gimnaziju u Sarajevu (1902.), a\n Pravni fakultet u Be\u010du (1906. god.). Doktorski ispit je polagao krajem \n1907., a 1908. je promoviran u doktora pravnih nauka. Na po\u010detku se \nposvetio suda\u010dkom zvanju, te je 1906.-1908. godine bio sudski \nprislu\u0161nik, a do 1910. godine advokatski pripravnik.<\/p>\n\n\n\n<p>Kada je u sarajevu osnovana Trgova\u010dko-obrtni\u010dka komora, izabran je za\n njenog sekretara. No tom polo\u017eaju je ostao do stupanja u politi\u010dki \n\u017eivot. Bio je \u010dlan Muslimanske narodne organizacije, \u010dlan Narodnog \nvije\u0107a poslije sloma Austro-Ugarske i ministar u Kraljevini SHS od 1921.\n do 1939. godine.<\/p>\n\n\n\n<p>Umro je 1939. godine u Beogradu pod nerazja\u0161njenim okolnostima. \nPretpostavlja se da je otrovan, da bi se uklonio kao mogu\u0107a prepreka \nCvetkovi\u0107-Ma\u010dek sporazumu.<\/p>\n\n\n\n<p>Mehmed Spaho je bio prvi Bo\u0161njak u Vladi Kraljevine SHS, a kao jedan \nod trojice ministara iz BiH i to po etni\u010dko-vjerskom klju\u010du: Hrvat dr. \nTugomir Alaupovi\u0107 je bio ministar vjera, Srbin Uro\u0161 Krulj ministar \nzdravlja, a Spaho ministar saobra\u0107aja. Spaho je tako\u0111er bio jedan od dva\n priznata zastupnika Jugoslovenske muslimanske organizacije me\u0111u 11 \nBo\u0161njaka od 42 zastupnika Narodnog vije\u0107a SHS za BiH. Jugoslovenska \nmuslimanska organizacija je u to vrijeme smatrala da joj pripada 15 \nzastupni\u010dkih mjesta.<\/p>\n\n\n\n<p>Historija.ba<\/p>\n","protected":false},"excerpt":{"rendered":"<p>Mehmed je zavr\u0161io osnovnu \u0161kolu i gimnaziju u Sarajevu (1902.), a Pravni fakultet u Be\u010du (1906. god.). Doktorski ispit je polagao krajem 1907., a 1908. je promoviran u doktora pravnih nauka. Mehmed Spaho je ro\u0111en 1883. godine u Sarajevu. Otac mu je bio&nbsp;veliki poznavalac \u0161erijatskog prava, te kadija u Jajcu, Sofiji, Damasku i Kairu. Mehmed [&hellip;]<\/p>\n","protected":false},"author":59,"featured_media":1748,"comment_status":"open","ping_status":"closed","sticky":false,"template":"","format":"standard","meta":{"inline_featured_image":false,"footnotes":""},"categories":[47,46],"tags":[],"class_list":{"0":"post-1747","1":"post","2":"type-post","3":"status-publish","4":"format-standard","5":"has-post-thumbnail","7":"category-historija","8":"category-kultura"},"acf":[],"_links":{"self":[{"href":"https:\/\/tvsensor.com\/api\/wp\/v2\/posts\/1747","targetHints":{"allow":["GET"]}}],"collection":[{"href":"https:\/\/tvsensor.com\/api\/wp\/v2\/posts"}],"about":[{"href":"https:\/\/tvsensor.com\/api\/wp\/v2\/types\/post"}],"author":[{"embeddable":true,"href":"https:\/\/tvsensor.com\/api\/wp\/v2\/users\/59"}],"replies":[{"embeddable":true,"href":"https:\/\/tvsensor.com\/api\/wp\/v2\/comments?post=1747"}],"version-history":[{"count":1,"href":"https:\/\/tvsensor.com\/api\/wp\/v2\/posts\/1747\/revisions"}],"predecessor-version":[{"id":1749,"href":"https:\/\/tvsensor.com\/api\/wp\/v2\/posts\/1747\/revisions\/1749"}],"wp:featuredmedia":[{"embeddable":true,"href":"https:\/\/tvsensor.com\/api\/wp\/v2\/media\/1748"}],"wp:attachment":[{"href":"https:\/\/tvsensor.com\/api\/wp\/v2\/media?parent=1747"}],"wp:term":[{"taxonomy":"category","embeddable":true,"href":"https:\/\/tvsensor.com\/api\/wp\/v2\/categories?post=1747"},{"taxonomy":"post_tag","embeddable":true,"href":"https:\/\/tvsensor.com\/api\/wp\/v2\/tags?post=1747"}],"curies":[{"name":"wp","href":"https:\/\/api.w.org\/{rel}","templated":true}]}}