{"id":17286,"date":"2020-11-11T17:18:48","date_gmt":"2020-11-11T16:18:48","guid":{"rendered":"https:\/\/senzor.ba\/?p=17064"},"modified":"2024-01-15T21:43:17","modified_gmt":"2024-01-15T20:43:17","slug":"erdogan-na-programu-dah-za-buducnost-turska-je-prva-u-evropi-cetvrta-u-svijetu-u-oblasti-posumljavanja","status":"publish","type":"post","link":"https:\/\/tvsensor.com\/clanak\/erdogan-na-programu-dah-za-buducnost-turska-je-prva-u-evropi-cetvrta-u-svijetu-u-oblasti-posumljavanja\/","title":{"rendered":"Erdogan na programu \u201cDah za budu\u0107nost\u201c: Turska je prva u Evropi, \u010detvrta u svijetu u oblasti po\u0161umljavanja"},"content":{"rendered":"\n<p>Predsjednik Republike Turske Recep Tayyip Erdogan prisustvovao je programu \u201cDah za budu\u0107nost, dah za svijet\u201c i tom prilikom kazao da je Turska lider Evrope i \u010detvrta zemlja u svijetu u po\u0161umljavanju, javlja Anadolu Agency (AA).<\/p>\n\n\n\n<p>Isti\u010du\u0107i kako Turska odlu\u010dnim koracima nastavlja graditi jo\u0161 zeleniju i prosperitetniju zemlju, Erdogan je kazao da je postavljen cilj da se do 2023. godine i stotog ro\u0111endana Republike zasadi ukupno sedam milijardi sadnica.<\/p>\n\n\n\n<p>\u201cNastavit \u0107emo se brinuti o prirodi, zelenilu, \u017eivotu, gradovima i historijskim prirodnim ljepotama koje su nam dar od Boga\u201c, kazao je Erdogan.<\/p>\n\n\n\n<p>Erdogan je kazao da je Turska uspjela smanjiti granicu intervencije na \u0161umske po\u017eare sa 40 na 12 minuta te je dodao \u0107e ta granica biti spu\u0161tena i ispod deset minuta.<\/p>\n\n\n\n<p>Turski predsjednik Erdogan kazao je da se uvijek na\u0111u oni koji neosnovano kritikuju, a da sad to poku\u0161avaju isti oni koji su palili i plja\u010dki pod pla\u0161tom navodne borbe za okoli\u0161 tokom protesta u istanbulskom Gezi parku. Dodao je da ti isti kriti\u010dari ne pominju PKK i po\u017eare koje teroristi podme\u0107u kako bi ugrozili Tursku.<\/p>\n\n\n\n<p>\u201cU inat ljudima \u010dija srca su ispunjena mr\u017enjom, ozelenile su i rastu skoro sve sadnice koje smo posadili pro\u0161le godine\u201c, poru\u010dio je Erdogan.<\/p>\n\n\n\n<p>U okviru manifestacije Turska je pokrenula jo\u0161 jedan program za osnovce i to pod nazivom \u201cUzgoji sadnicu od sjemenke\u201c. Erdogan je pojasnio da \u0107e svake godine 12 miliona osnovaca dobiti sjemenke i posude u kojima \u0107e do naredne godine i po\u0161umljavanja uzgojiti vlastite sadnice.<\/p>\n\n\n\n<p>Nakon obra\u0107anja, po\u010delo je sa\u0111enje sadnica u svim turskog radovima, ali i u najmanje 30 prijateljskih dr\u017eava, me\u0111u kojima su i Bosna i Hercegovina, Albanija, Azerbejd\u017ean i TR Sjeverni Kipar u kojima su odr\u017eani sve\u010dani programi i organizirano direktno uklju\u010denje u program u Turskoj.<\/p>\n\n\n\n<p>Iz Sarajeva su turskog predsjednika Erdogana i cijelu Tursku pozdravili premijer Federacije BiH Fadil Novali\u0107 i turski ambasador u Sarajevu Haldun Koc.<\/p>\n\n\n\n<p>Odlukom turskog predsjednika Erdogana 11. novembar je pro\u0161le godine progla\u0161en Nacionalnim danom po\u0161umljavanja, \u0161to je potvrda brige koju Turska vodi o o\u010duvanju okoli\u0161a u jeku globalnih rasprava o klimatskim promjenama.<\/p>\n\n\n\n<p>Na dana\u0161nji dan pro\u0161le godine je pod sloganom \u201cDah za budu\u0107nost\u201c \u0161irom Turske proveden projekt zasa\u0111ivanja 11 miliona sadnica. Projektom koordinira Direkcija za \u0161umarstvo Turske. Pro\u0161le godine su u Turskoj oborena dva svjetska rekorda i to rekord za najvi\u0161e zasa\u0111enih sadnica u jednom satu i rekord kreiranja najve\u0107e baze fotografija koju su gra\u0111ani tog dana napravili.<\/p>\n\n\n\n<p>Iako je resorno ministarstvo Turske imalo kapacitete i resurse da samostalno finansira i provede projekt, gra\u0111anima te zemlje je data mogu\u0107nost da posredstvom interneta doniraju sadnice, a sve kako bi projekt bio op\u0107eg karaktera.<\/p>\n","protected":false},"excerpt":{"rendered":"<p>Predsjednik Republike Turske Recep Tayyip Erdogan prisustvovao je programu \u201cDah za budu\u0107nost, dah za svijet\u201c i tom prilikom kazao da je Turska lider Evrope i \u010detvrta zemlja u svijetu u po\u0161umljavanju, javlja Anadolu Agency (AA). Isti\u010du\u0107i kako Turska odlu\u010dnim koracima nastavlja graditi jo\u0161 zeleniju i prosperitetniju zemlju, Erdogan je kazao da je postavljen cilj da [&hellip;]<\/p>\n","protected":false},"author":59,"featured_media":17288,"comment_status":"open","ping_status":"closed","sticky":false,"template":"","format":"standard","meta":{"inline_featured_image":false,"footnotes":""},"categories":[41],"tags":[],"class_list":{"0":"post-17286","1":"post","2":"type-post","3":"status-publish","4":"format-standard","5":"has-post-thumbnail","7":"category-svijet"},"acf":[],"_links":{"self":[{"href":"https:\/\/tvsensor.com\/api\/wp\/v2\/posts\/17286","targetHints":{"allow":["GET"]}}],"collection":[{"href":"https:\/\/tvsensor.com\/api\/wp\/v2\/posts"}],"about":[{"href":"https:\/\/tvsensor.com\/api\/wp\/v2\/types\/post"}],"author":[{"embeddable":true,"href":"https:\/\/tvsensor.com\/api\/wp\/v2\/users\/59"}],"replies":[{"embeddable":true,"href":"https:\/\/tvsensor.com\/api\/wp\/v2\/comments?post=17286"}],"version-history":[{"count":1,"href":"https:\/\/tvsensor.com\/api\/wp\/v2\/posts\/17286\/revisions"}],"predecessor-version":[{"id":17289,"href":"https:\/\/tvsensor.com\/api\/wp\/v2\/posts\/17286\/revisions\/17289"}],"wp:featuredmedia":[{"embeddable":true,"href":"https:\/\/tvsensor.com\/api\/wp\/v2\/media\/17288"}],"wp:attachment":[{"href":"https:\/\/tvsensor.com\/api\/wp\/v2\/media?parent=17286"}],"wp:term":[{"taxonomy":"category","embeddable":true,"href":"https:\/\/tvsensor.com\/api\/wp\/v2\/categories?post=17286"},{"taxonomy":"post_tag","embeddable":true,"href":"https:\/\/tvsensor.com\/api\/wp\/v2\/tags?post=17286"}],"curies":[{"name":"wp","href":"https:\/\/api.w.org\/{rel}","templated":true}]}}