{"id":17271,"date":"2020-11-11T18:34:14","date_gmt":"2020-11-11T17:34:14","guid":{"rendered":"http:\/\/senzor.ba\/?p=17271"},"modified":"2024-01-15T21:43:17","modified_gmt":"2024-01-15T20:43:17","slug":"njemacka-za-pokretanje-eu-pregovora-sa-skopljem-i-tiranom","status":"publish","type":"post","link":"https:\/\/tvsensor.com\/clanak\/njemacka-za-pokretanje-eu-pregovora-sa-skopljem-i-tiranom\/","title":{"rendered":"Njema\u010dka za pokretanje EU pregovora sa Skopljem i Tiranom"},"content":{"rendered":"\n<p><em>\u0160ef njema\u010dke diplomatije Heiko Maas je izrazio nadu u brzi po\u010detak pristupnih pregovora sa Sjevernom Makedonijom i Albanijom.<\/em><br><\/p>\n\n\n\n<p>Njema\u010dka kancelarka Angela Merkel izjavila je kako&nbsp;se nada po\u010detku pregovora o pristupanju Sjeverne Makedonije i Albanije Evropskoj uniji&nbsp;prije kraja predsjedavanja Njema\u010dke Evropskim vije\u0107em u decembru.<\/p>\n\n\n\n<p>&#8220;Nadam se da \u0107e i dalje biti mogu\u0107e da organiziramo pristupnu konferenciju pod na\u0161im predsjedavanjem&#8221;, rekla je ona&nbsp;u online govoru tokom videosamita Berlinskog procesa, \u010diji je doma\u0107in bila Bugarska, prenosi Beta.<\/p>\n\n\n\n<p>Kancelarka je kazala da je cilj Berlinskog procesa rad na &#8220;pomirenju&#8221; i &#8220;prevazila\u017eenju historijskih tenzija&#8221;.<\/p>\n\n\n\n<p>&#8220;Dogovorite se.&nbsp;To je veoma va\u017eno&#8221;, dodala je ona tokom skupa kojim su kopredsjedavale Bugarska i Sjeverna Makedonija, zemlje koje jo\u0161 nisu uspjele rije\u0161iti&nbsp;svoje sporove.<\/p>\n\n\n\n<h4 class=\"wp-block-heading\">Saradnja u interesu svih<\/h4>\n\n\n\n<p>\u0160ef njema\u010dke diplomatije Heiko Maas u ponedjeljak je izrazio nadu u brzi po\u010detak pristupnih pregovora sa Skopljem i Tiranom.<\/p>\n\n\n\n<p>&#8220;Jedan od ciljeva na\u0161eg predsjedavanja EU-om je unapre\u0111enje procesa pro\u0161irenja, a&nbsp;to namjeravamo uraditi&nbsp;narednih dana i sedmica&#8221;, rekao je Maas.<\/p>\n\n\n\n<p>Francuski predsjednik Emmanuel Macron je kazao da bi Zapadni Balkan trebao biti&nbsp;uklju\u010den u borbu protiv terorizma.<\/p>\n\n\n\n<p>&#8220;Kako opasnost raste, kako unutar EU-a, tako i u balkanskoj&nbsp;regiji, poja\u010dana saradnja \u0107e o\u010digledno biti u interesu svih nas&#8221;, naglasio je on.<\/p>\n\n\n\n<p>Macron je u utorak u\u010destvovao na online mini samitu EU-a o borbi protiv terorizma poslije nedavnih napada u Francuskoj i Austriji.<\/p>\n\n\n\n<p><em>Izvor: Agencije<\/em><\/p>\n","protected":false},"excerpt":{"rendered":"<p>\u0160ef njema\u010dke diplomatije Heiko Maas je izrazio nadu u brzi po\u010detak pristupnih pregovora sa Sjevernom Makedonijom i Albanijom. Njema\u010dka kancelarka Angela Merkel izjavila je kako&nbsp;se nada po\u010detku pregovora o pristupanju Sjeverne Makedonije i Albanije Evropskoj uniji&nbsp;prije kraja predsjedavanja Njema\u010dke Evropskim vije\u0107em u decembru. &#8220;Nadam se da \u0107e i dalje biti mogu\u0107e da organiziramo pristupnu konferenciju [&hellip;]<\/p>\n","protected":false},"author":59,"featured_media":17272,"comment_status":"open","ping_status":"closed","sticky":true,"template":"","format":"standard","meta":{"inline_featured_image":false,"footnotes":""},"categories":[40,37],"tags":[],"class_list":{"0":"post-17271","1":"post","2":"type-post","3":"status-publish","4":"format-standard","5":"has-post-thumbnail","7":"category-region","8":"category-vijesti"},"acf":[],"_links":{"self":[{"href":"https:\/\/tvsensor.com\/api\/wp\/v2\/posts\/17271","targetHints":{"allow":["GET"]}}],"collection":[{"href":"https:\/\/tvsensor.com\/api\/wp\/v2\/posts"}],"about":[{"href":"https:\/\/tvsensor.com\/api\/wp\/v2\/types\/post"}],"author":[{"embeddable":true,"href":"https:\/\/tvsensor.com\/api\/wp\/v2\/users\/59"}],"replies":[{"embeddable":true,"href":"https:\/\/tvsensor.com\/api\/wp\/v2\/comments?post=17271"}],"version-history":[{"count":1,"href":"https:\/\/tvsensor.com\/api\/wp\/v2\/posts\/17271\/revisions"}],"predecessor-version":[{"id":17273,"href":"https:\/\/tvsensor.com\/api\/wp\/v2\/posts\/17271\/revisions\/17273"}],"wp:featuredmedia":[{"embeddable":true,"href":"https:\/\/tvsensor.com\/api\/wp\/v2\/media\/17272"}],"wp:attachment":[{"href":"https:\/\/tvsensor.com\/api\/wp\/v2\/media?parent=17271"}],"wp:term":[{"taxonomy":"category","embeddable":true,"href":"https:\/\/tvsensor.com\/api\/wp\/v2\/categories?post=17271"},{"taxonomy":"post_tag","embeddable":true,"href":"https:\/\/tvsensor.com\/api\/wp\/v2\/tags?post=17271"}],"curies":[{"name":"wp","href":"https:\/\/api.w.org\/{rel}","templated":true}]}}