{"id":17262,"date":"2020-11-11T18:26:23","date_gmt":"2020-11-11T17:26:23","guid":{"rendered":"http:\/\/senzor.ba\/?p=17262"},"modified":"2024-01-15T21:43:17","modified_gmt":"2024-01-15T20:43:17","slug":"ogranicenje-kretanja-u-federaciji-bih-od-2300-do-500-sati","status":"publish","type":"post","link":"https:\/\/tvsensor.com\/clanak\/ogranicenje-kretanja-u-federaciji-bih-od-2300-do-500-sati\/","title":{"rendered":"Ograni\u010denje kretanja u Federaciji BiH  od 23:00 do 5:00 sati"},"content":{"rendered":"\n<p><em>U ovom bh. entitetu \u0107e biti dozvoljeno okupljanje do 30 osoba na otvorenom i u zatvorenom prostoru, uz po\u0161tivanje svih mjera.<\/em><br><br><\/p>\n\n\n\n<p>Od srijuede \u0107e&nbsp;u entitetu&nbsp;Federacija Bosne i Hercegovbine&nbsp;na snazi \u0107e biti ograni\u010denje kretanja u periodu od 23:00&nbsp;do 5:00&nbsp;sati ujutro.<\/p>\n\n\n\n<p>Ovu odluku donio je Krizni \u0161tab Ministarstva zdravstva Federacije, u poku\u0161aju da suzbije \u0161irenje korona virusa.<\/p>\n\n\n\n<p>Tako\u0111er, bit \u0107e dozvoljeno okupljanje do 30 osoba na otvorenom i u zatvorenom prostoru, uz po\u0161tivanje svih mjera, prenosi Anadolija.<\/p>\n\n\n\n<p>U protekla 24 sata&nbsp;na podru\u010dju Federacije&nbsp;zabilje\u017eene su jo\u0161 1.123 zara\u017eene osobe korona virusom, a umrlo je 29 pacijenata.<\/p>\n\n\n\n<h4 class=\"wp-block-heading\">&#8216;Ovo nije policijski sat&#8217;<\/h4>\n\n\n\n<p>Dan ranije&nbsp;prijavljena je smrt 52 osobe.<\/p>\n\n\n\n<p>Kako je obrazlo\u017eeno, odluka o zabrani kretanja donesena je zbog ugostitelja i gra\u0111ana koji ranije nisu po\u0161tivali mjere i radno vrijeme objekata do 23:00 sata.<\/p>\n\n\n\n<p>&#8220;Uveli smo mjeru ograni\u010denja kretanja od 23:99&nbsp;do 5:00 sati ujutro. To nije policijski sat. Svi koji u tom vremenu imaju poslove&nbsp;radit \u0107e. Oni kojima se zavr\u0161ava radno vrijeme ranije&nbsp;nakon 23:00 sata \u0107e morati biti u ku\u0107ama&#8221;, kazao je \u010dlan Kriznog \u0161taba Goran \u010cerkez.<\/p>\n\n\n\n<p>Iz odluke o zabrani kretanja bit \u0107e izuzeti oni koji obavljaju no\u0107ne poslove, uz potvrdu poslodavca, kao i javni slu\u017ebenici koji rade na provo\u0111enju mjera.<\/p>\n\n\n\n<p>\u010cerkez je kazao da se sedam dana nakon izbora, nastava u \u0161kolama ne\u0107e odvijati, kako bi se prostorije dezinficirale.<\/p>\n\n\n\n<p><em>Izvor: Agencije<\/em><\/p>\n","protected":false},"excerpt":{"rendered":"<p>U ovom bh. entitetu \u0107e biti dozvoljeno okupljanje do 30 osoba na otvorenom i u zatvorenom prostoru, uz po\u0161tivanje svih mjera. Od srijuede \u0107e&nbsp;u entitetu&nbsp;Federacija Bosne i Hercegovbine&nbsp;na snazi \u0107e biti ograni\u010denje kretanja u periodu od 23:00&nbsp;do 5:00&nbsp;sati ujutro. Ovu odluku donio je Krizni \u0161tab Ministarstva zdravstva Federacije, u poku\u0161aju da suzbije \u0161irenje korona virusa. [&hellip;]<\/p>\n","protected":false},"author":59,"featured_media":17269,"comment_status":"open","ping_status":"closed","sticky":false,"template":"","format":"standard","meta":{"inline_featured_image":false,"footnotes":""},"categories":[37,38],"tags":[],"class_list":{"0":"post-17262","1":"post","2":"type-post","3":"status-publish","4":"format-standard","5":"has-post-thumbnail","7":"category-vijesti","8":"category-vijesti-iz-bih"},"acf":[],"_links":{"self":[{"href":"https:\/\/tvsensor.com\/api\/wp\/v2\/posts\/17262","targetHints":{"allow":["GET"]}}],"collection":[{"href":"https:\/\/tvsensor.com\/api\/wp\/v2\/posts"}],"about":[{"href":"https:\/\/tvsensor.com\/api\/wp\/v2\/types\/post"}],"author":[{"embeddable":true,"href":"https:\/\/tvsensor.com\/api\/wp\/v2\/users\/59"}],"replies":[{"embeddable":true,"href":"https:\/\/tvsensor.com\/api\/wp\/v2\/comments?post=17262"}],"version-history":[{"count":2,"href":"https:\/\/tvsensor.com\/api\/wp\/v2\/posts\/17262\/revisions"}],"predecessor-version":[{"id":17270,"href":"https:\/\/tvsensor.com\/api\/wp\/v2\/posts\/17262\/revisions\/17270"}],"wp:featuredmedia":[{"embeddable":true,"href":"https:\/\/tvsensor.com\/api\/wp\/v2\/media\/17269"}],"wp:attachment":[{"href":"https:\/\/tvsensor.com\/api\/wp\/v2\/media?parent=17262"}],"wp:term":[{"taxonomy":"category","embeddable":true,"href":"https:\/\/tvsensor.com\/api\/wp\/v2\/categories?post=17262"},{"taxonomy":"post_tag","embeddable":true,"href":"https:\/\/tvsensor.com\/api\/wp\/v2\/tags?post=17262"}],"curies":[{"name":"wp","href":"https:\/\/api.w.org\/{rel}","templated":true}]}}