{"id":17220,"date":"2020-11-11T14:01:55","date_gmt":"2020-11-11T13:01:55","guid":{"rendered":"https:\/\/senzor.ba\/?p=17052"},"modified":"2024-01-15T21:43:17","modified_gmt":"2024-01-15T20:43:17","slug":"nacelnici-i-gradonacelnici-su-najbolji-dio-vlasti-u-bih","status":"publish","type":"post","link":"https:\/\/tvsensor.com\/clanak\/nacelnici-i-gradonacelnici-su-najbolji-dio-vlasti-u-bih\/","title":{"rendered":"Na\u010delnici i gradona\u010delnici su najbolji dio vlasti u BiH"},"content":{"rendered":"\n<p>Mnogo je onih koji smatraju lokalne izbore manje va\u017enima, pa im pristupaju, \u0161to kod nas narod ka\u017ee, \u201csa pola srca\u201d, a ustvari su oni jednako, ako ne i vi\u0161e va\u017eni od parlamentarnih.<br>Izborna kampanja se bli\u017ei kraju, pa \u0107u ovim tekstom poku\u0161ati motivirati sve bira\u010de da iza\u0111u na izbore i izaberu dobru lokalnu vlast, jer im to, umnogome, mo\u017ee olak\u0161ati \u017eivot u na\u0161oj domovini.<br>Navodim primjer nekoliko na\u010delnika i gradona\u010delnika, koji su strana\u010dki opredjeljeni ili su nezavisni, a njihov grad napreduje zahvaljuju\u0107i doma\u0107inskom odnosu ljudi na \u010delu op\u0107inske administracije.<\/p>\n\n\n\n<p>Krenut \u0107u od op\u0107ine u kojoj sam ro\u0111en, gdje se na\u010delnik Nermin Ogre\u0161evi\u0107 bori za peti mandat. On je kandidat ASDA i veliki favorit za pobjedu i na ovim izborima, jer gra\u0111ani vide u njemu gradona\u010delnika po mjeri gra\u0111ana. U ovim te\u0161kim vremenima odr\u017eava bud\u017eet op\u0107ine likvidnim, a na sve strane se grade infrastrukturni objekti od velike va\u017enosti za svakog stanovnika grada. Malo je doga\u0111aja na kojima on nije prisutan, skroman, bez voza\u010da, tjelohranitelja i to narod cijeni.<\/p>\n\n\n<div class=\"wp-block-image\">\n<figure class=\"aligncenter size-large is-resized\"><img loading=\"lazy\" decoding=\"async\" src=\"https:\/\/tvsensor.com\/wp-content\/uploads\/2020\/11\/nermin.jpg\" alt=\"\" class=\"wp-image-17054\" style=\"width:242px;height:364px\" width=\"242\" height=\"364\"\/><\/figure><\/div>\n\n\n<div class=\"wp-block-group\"><div class=\"wp-block-group__inner-container is-layout-flow wp-block-group-is-layout-flow\">\n<p>Sli\u010dna situacija je i sa na\u010delnikom op\u0107ine u kojoj sad \u017eivim, Stari grad u Sarajevu, na \u010dijem \u010delu je Ibrahim Had\u017eibajri\u0107, kandidat stranke NBL, kojeg tako\u0111er mo\u017eete sresti na ulicama grada u razgovorima s gra\u0111anima, dru\u017eenju i slu\u0161anju njihovih pri\u010da iz kojih stvara sliku o radu njegove administracije. On je vrlo susretljiv i jako energi\u010dan \u010dovjek koji nema radnog vremena. Zato je i on favorit na ovim izborima.<\/p>\n<\/div><\/div>\n\n\n<div class=\"wp-block-image\">\n<figure class=\"aligncenter size-large is-resized\"><img loading=\"lazy\" decoding=\"async\" src=\"https:\/\/tvsensor.com\/wp-content\/uploads\/2020\/11\/ibrahim-1.jpg\" alt=\"\" class=\"wp-image-17056\" style=\"width:422px;height:262px\" width=\"422\" height=\"262\"\/><\/figure><\/div>\n\n\n<div class=\"wp-block-group\"><div class=\"wp-block-group__inner-container is-layout-flow wp-block-group-is-layout-flow\">\n<p>Moram spomenuti i na\u010delnika op\u0107ine Novi Grad Sarajevo, gospodina Semira Efendi\u0107a, kadra SDA, kojeg bi mnogi voljeli vidjeti i na \u010delu najve\u0107e bo\u0161nja\u010dke stranke. I on simpatije bira\u010da ubire neposrednim odnosom sa gra\u0111anima, susretljivo\u0161\u0107u i skromno\u0161\u0107u kojom, kao jedan od rijetkih, podsje\u0107a na prvog predsjednika SDA i RBiH, Alije Izetbegovi\u0107a, \u0161to mnogima u ovoj stranci fali.<\/p>\n<\/div><\/div>\n\n\n\n<figure class=\"wp-block-image size-large is-resized\"><img loading=\"lazy\" decoding=\"async\" src=\"https:\/\/tvsensor.com\/wp-content\/uploads\/2020\/11\/semir.jpg\" alt=\"\" class=\"wp-image-17057\" style=\"width:396px;height:258px\" width=\"396\" height=\"258\"\/><\/figure>\n\n\n\n<div class=\"wp-block-group\"><div class=\"wp-block-group__inner-container is-layout-flow wp-block-group-is-layout-flow\">\n<p>Namjerno sam naveo primjer trojice iz razli\u010ditih stranaka, da ne bi neko pomislio kako favorizujem bilo koga ovdje.<br>Puno putujem, pa sam imao konekciju sa mnogo na\u010delnika i gradona\u010delnika koji su svijetla ta\u010dka svoje sredine. To je prije svega nezavisna na\u010delnica op\u0107ine Visoko, gospo\u0111a Amra Babi\u0107, koja zadivljuju\u0107om energijom provodi svoje ideje i od Visokog pravi lijep gradi\u0107 sa velikim turisti\u010dkim potencijalima zbog piramida i blizine glavnog grada.<\/p>\n<\/div><\/div>\n\n\n<div class=\"wp-block-image\">\n<figure class=\"aligncenter size-large is-resized\"><img loading=\"lazy\" decoding=\"async\" src=\"https:\/\/tvsensor.com\/wp-content\/uploads\/2020\/11\/amra.jpg\" alt=\"\" class=\"wp-image-17058\" style=\"width:374px;height:218px\" width=\"374\" height=\"218\"\/><\/figure><\/div>\n\n\n<p>Dobar posao u borbi s migrantskom krizom u Biha\u0107u radi gospodin \u0160uhret Fazli\u0107, na\u010delnik Ilid\u017ee, gospodin Seid Memi\u0107 i mnogi drugi.<br>Na\u010delnicima i gradona\u010delnicima je jako va\u017eno imati ve\u0107inu u op\u0107inskom\/gradskom vije\u0107u, kako bi mogli realizirati svoje projekte, zato neka svako u svojoj sredini procijeni ko mu je dobar i neka na dan izbora ne na\u0111e ni\u0161ta pre\u010de od izbora nove vlasti.<\/p>\n\n\n\n<p><br>Promjene u cijeloj dr\u017eavi mogu krenuti ba\u0161 od na\u010delnika i gradona\u010delnika, jer su oni vrlo \u010desto nit koja povezuje me\u0111uentiteske i me\u0111ukantonalne linije. Svima u ovoj dr\u017eavi treba sigurno i prosperitetno okru\u017eenje za \u017eivot. Od srpstva, bo\u0161nja\u0161tva i hrvatstva \u017eive uglavnom politikanti na vi\u0161im nivoima vlasti, s kojima se treba obra\u010dunati na sljede\u0107im parlamentarnim izborima!<\/p>\n","protected":false},"excerpt":{"rendered":"<p>Mnogo je onih koji smatraju lokalne izbore manje va\u017enima, pa im pristupaju, \u0161to kod nas narod ka\u017ee, \u201csa pola srca\u201d, a ustvari su oni jednako, ako ne i vi\u0161e va\u017eni od parlamentarnih.Izborna kampanja se bli\u017ei kraju, pa \u0107u ovim tekstom poku\u0161ati motivirati sve bira\u010de da iza\u0111u na izbore i izaberu dobru lokalnu vlast, jer im [&hellip;]<\/p>\n","protected":false},"author":59,"featured_media":17239,"comment_status":"open","ping_status":"closed","sticky":false,"template":"","format":"standard","meta":{"inline_featured_image":false,"footnotes":""},"categories":[76,234],"tags":[],"class_list":{"0":"post-17220","1":"post","2":"type-post","3":"status-publish","4":"format-standard","5":"has-post-thumbnail","7":"category-kolumne","8":"category-politika"},"acf":[],"_links":{"self":[{"href":"https:\/\/tvsensor.com\/api\/wp\/v2\/posts\/17220","targetHints":{"allow":["GET"]}}],"collection":[{"href":"https:\/\/tvsensor.com\/api\/wp\/v2\/posts"}],"about":[{"href":"https:\/\/tvsensor.com\/api\/wp\/v2\/types\/post"}],"author":[{"embeddable":true,"href":"https:\/\/tvsensor.com\/api\/wp\/v2\/users\/59"}],"replies":[{"embeddable":true,"href":"https:\/\/tvsensor.com\/api\/wp\/v2\/comments?post=17220"}],"version-history":[{"count":2,"href":"https:\/\/tvsensor.com\/api\/wp\/v2\/posts\/17220\/revisions"}],"predecessor-version":[{"id":34866,"href":"https:\/\/tvsensor.com\/api\/wp\/v2\/posts\/17220\/revisions\/34866"}],"wp:featuredmedia":[{"embeddable":true,"href":"https:\/\/tvsensor.com\/api\/wp\/v2\/media\/17239"}],"wp:attachment":[{"href":"https:\/\/tvsensor.com\/api\/wp\/v2\/media?parent=17220"}],"wp:term":[{"taxonomy":"category","embeddable":true,"href":"https:\/\/tvsensor.com\/api\/wp\/v2\/categories?post=17220"},{"taxonomy":"post_tag","embeddable":true,"href":"https:\/\/tvsensor.com\/api\/wp\/v2\/tags?post=17220"}],"curies":[{"name":"wp","href":"https:\/\/api.w.org\/{rel}","templated":true}]}}