{"id":17218,"date":"2020-11-11T10:35:38","date_gmt":"2020-11-11T09:35:38","guid":{"rendered":"https:\/\/senzor.ba\/?p=17043"},"modified":"2024-01-15T21:43:17","modified_gmt":"2024-01-15T20:43:17","slug":"sve-manji-broj-ucenika-u-skolama-pokazatelj-napretka-ili-nazadovanja-drustva","status":"publish","type":"post","link":"https:\/\/tvsensor.com\/clanak\/sve-manji-broj-ucenika-u-skolama-pokazatelj-napretka-ili-nazadovanja-drustva\/","title":{"rendered":"Sve manji broj u\u010denika u \u0161kolama: Pokazatelj napretka ili nazadovanja dru\u0161tva"},"content":{"rendered":"\n<p>Jedna od posljedica iseljavanja stanovni\u0161tva iz na\u0161e dr\u017eave jeste sve manji broj upisanih u\u010denika u osnovne i srednje \u0161kole, \u010demu pogoduje i sve manji broj ro\u0111ene djece.<\/p>\n\n\n\n<p>Vidljivo je to i iz dokumenta pod nazivom \u201cInformacija o upisu u\u010denika u osnovne i srednje \u0161kole u \u0161kolskoj 2019\/20. godini u Federaciji Bosne i Hercegovine\u201d, a koje svake godine radi Federalno ministarstvo obrazovanja i nauke.<\/p>\n\n\n\n<p>Prema ovom dokumentu,&nbsp;u posljednjih pet godina svi kantoni, izuzev Bosansko-podrinjskog (BPK), bilje\u017ee negativnu statistiku kada je u pitanju upis u\u010denika u prve razrede osnovne \u0161kole, odnosno, svi kantoni kada je u pitanju upis u\u010denika u prve razrede srednjih \u0161kola. Ministarstvo jo\u0161 uvijek nije objavilo podatke za ovu \u0161kolsku godinu.<\/p>\n\n\n\n<p>U najnezavidnijoj situaciji jeste Unsko-sanski kanton (USK) koji je \u0161kolske 2015\/2016. imao 2.513 u\u010denika upisanih u prvi razred osnovne \u0161kole, a 2019\/2020. 1.861 u\u010denika. Ni\u0161ta bolje nije pro\u0161ao ni Tuzlanski kanton (TK) koji je 2015\/2016. \u0161kolske godine imao 4.648 upisana u\u010denika u prvi razred, a 2019\/2020. 4.006 u\u010denika. Zeni\u010dko-dobojski kanton (ZDK) je za pet godina upisao 500 u\u010denika manje. Kanton Sarajevo (KS) je ostao bez 168 u\u010denika. I ostali kantoni bilje\u017ee negativni trend, osim BPK-a.<\/p>\n\n\n\n<p>Sedam u\u010denika vi\u0161e upisano je u prvi razred u odnosu na pet godina ranije. Broj u\u010denika upisanih u prvi razred osnovne \u0161kole se u petogodi\u0161njem periodu smanjio za 2.607 u\u010denika. Sli\u010dna je situacija i kod upisa u\u010denika u prve razrede srednjih \u0161kola.<\/p>\n\n\n\n<h4 class=\"wp-block-heading\">Mnogo uzroka<\/h4>\n\n\n\n<p>Stanje je jo\u0161 pora\u017eavaju\u0107e ako u obzir uzmemo sve razrede osnovnih \u0161kola u Federaciji BiH. Za pet godina osnovne \u0161kole u ovom bh. entitetu imaju manje 8.928 u\u010denika. Kada je ovaj parametar u pitanju jedino je u plusu Kanton Sarajevo, koji je za pet godina pove\u0107ao broj osnovaca za 1.661. Ostali kantoni, na\u017ealost bilje\u017ee smanjenje broja osnovaca.<\/p>\n\n\n\n<p>S obzirom na broj stanovnika, jo\u0161 gore stanje je u manjem bh. entitetu koji svake godine gubi blizu dvije hiljade u\u010denika. Od 2009. do 2019. godine 19.700 je manje u\u010denika u osnovnim \u0161kolama. Pored iseljavanja, naro\u010dito izra\u017een problem u ovom bh. entitetu jeste visoka stopa mortaliteta. Prema podacima Zavoda za statistiku manjeg bh. entiteta 2018. godine je ro\u0111eno 9.568 beba, a umrlih je \u010dak 14.763 osoba, a u prvoj polovini 2020. godine broj umrlih bio je duplo ve\u0107i od broja ro\u0111enih.<\/p>\n\n\n\n<p>\u2013 Broj u\u010denika u osnovnim i srednjim \u0161kolama je jedan od pokazatelja da li se dru\u0161tvo razvija, stagnira ili nazaduje. U zadnjoj deceniji je izra\u017een problem smanjenja broja u\u010denika, a posebno broja prva\u010di\u0107a osnovnih \u0161kola u cijeloj BiH. Izuzetak je samo Kanton Sarajevo u kojem se u zadnje \u010detiri godine bilje\u017ei rast ukupnog broja u\u010denika. S druge strane, ovaj problem je najvi\u0161e izra\u017een u Unsko-sanskom kantonu u kojem su najizra\u017eeniji problemi sa tehnolo\u0161kim vi\u0161kom, koje jo\u0161 uvijek uspje\u0161no rje\u0161avaju sindikati kroz socijalni dijalog sa vladom. Na\u017ealost, zbog nesigurnosti i lo\u0161eg odnosa prema obrazovanju od strane vlada na svim nivoima bilje\u017eimo i porast broja prosvjetnih radnika koji napu\u0161taju struku i onih koji odlaze iz BiH \u2013 ka\u017ee za&nbsp;<em>Preporod.info<\/em>&nbsp;Saudin Sivro, predsjednik Sindikata osnovnog obrazovanja i odgoja Kantona Sarajevo.<\/p>\n\n\n\n<h4 class=\"wp-block-heading\">Rje\u0161enje postoji<\/h4>\n\n\n\n<p>On isti\u010de da, iako uvijek postoji opasnost otpu\u0161tanja prosvjetnih radnika, prema analizama Sindikata, u narednih pet godina ne bi trebalo do\u0107i do toga. Naravno, pod uslovom da se ne desi ve\u0107i deficit od onog koji smo imali u prethodnih pet godina.<\/p>\n\n\n\n<p>Ono \u0161to je manje poznato u javnosti, ka\u017ee Sivro, je \u010dinjenica da u obrazovanju ustvari nedostaje nastavnog kadra na odre\u0111enim pozicijama i u velikoj mjeri nedostaje stru\u010dnih saradnika, posebno u inkluzivnom obrazovanju.<\/p>\n\n\n\n<p>\u2013 U Kantonu Sarajevo dva sindikata u djelatnostima obrazovanja (SSOOiO FBiH i SSVOONK BiH) su se u decembru 2009. godine izborili da vi\u0161e od 6000 radnika u vrti\u0107ima, osnovnim i srednjim \u0161kolama sve vrijeme budu za\u0161ti\u0107eni kroz Pravilnik o zbrinjavanju radnika. Taj pravilnik je onemogu\u0107io da se u radni odnos primi novi radnik, a da prethodno svi radnici koji su iskazani kao tehnolo\u0161ki vi\u0161ak ne budu zbrinuti u \u0161koli u kojoj rade ili u nekoj drugoj osnovnoj ili srednjoj \u0161koli. Sindikati zajedno sa Ministarstvom za obrazovanje, nauku i mlade Kantona Sarajevo u potpunosti nadziru popunjavanja svih radnih mjesta, a radnici koji budu iskazani kao tehnolo\u0161ki vi\u0161ak dobijaju rje\u0161enja ministra koja su obavezuju\u0107a za \u0161kole. Nadamo se da \u0107emo, ako Bog da sa tom praksom nastaviti, a nepoznanica je da je zahvalju\u0107i toj saradnji sindikata sa ministarstvom tokom prethodnih 10 godina napravljena u\u0161teda u bud\u017eetu Kantona Sarajevo preko 6 miliona KM \u2013 govori Sivro.<\/p>\n\n\n\n<p>Uzrok i posljedica smanjena broj u\u010denika u \u0161kolama nije samo iseljavanje, smatra Sivro, ve\u0107 i socijalno-ekonomska i sigurnosna nestabilnost u BiH. Iz BiH odlaze i oni koji imaju \u201csigurna\u201d radna mjesta i \u201cdobre\u201d plate.<\/p>\n\n\n\n<p>\u2013 Sna\u0161la nas je te\u0161ka nepravda i siroma\u0161tvo o kojima nam je govorio i na \u0161to nas je upozoravao rahmetli Alija Izetbegovi\u0107, ali i mnoge druge po\u0161asti poput korupcije, mita i nepotizma koje godinama razaraju BiH. Rje\u0161enje je u nama, jer na\u0161e stanje niko drugi ne\u0107e niti mo\u017ee promijeniti, nego mi sami. U BiH se mora iskorijeniti korupcija, reformirati obrazovanje, zdravstvo i sudstvo \u2013 nagla\u0161ava Sivro.<\/p>\n\n\n\n<p>Radnici moraju zara\u0111ivati minimalno 1000 KM bez obzira koji posao rade, mi\u0161ljenja je on.&nbsp;Radnicima se mora vratiti dostojanstvo, sigurnost radnog mjesta i dostojanstvena plata, pa tek se onda mo\u017eemo nadati ve\u0107em natalitetu i smanjenju iseljavanja stanovni\u0161tva.<\/p>\n\n\n\n<p>Pi\u0161e: Alem Dedi\u0107<\/p>\n\n\n\n<p>Preporod.info<\/p>\n","protected":false},"excerpt":{"rendered":"<p>Jedna od posljedica iseljavanja stanovni\u0161tva iz na\u0161e dr\u017eave jeste sve manji broj upisanih u\u010denika u osnovne i srednje \u0161kole, \u010demu pogoduje i sve manji broj ro\u0111ene djece. Vidljivo je to i iz dokumenta pod nazivom \u201cInformacija o upisu u\u010denika u osnovne i srednje \u0161kole u \u0161kolskoj 2019\/20. godini u Federaciji Bosne i Hercegovine\u201d, a koje [&hellip;]<\/p>\n","protected":false},"author":59,"featured_media":17235,"comment_status":"open","ping_status":"closed","sticky":false,"template":"","format":"standard","meta":{"inline_featured_image":false,"footnotes":""},"categories":[52],"tags":[],"class_list":{"0":"post-17218","1":"post","2":"type-post","3":"status-publish","4":"format-standard","5":"has-post-thumbnail","7":"category-obrazovanje"},"acf":[],"_links":{"self":[{"href":"https:\/\/tvsensor.com\/api\/wp\/v2\/posts\/17218","targetHints":{"allow":["GET"]}}],"collection":[{"href":"https:\/\/tvsensor.com\/api\/wp\/v2\/posts"}],"about":[{"href":"https:\/\/tvsensor.com\/api\/wp\/v2\/types\/post"}],"author":[{"embeddable":true,"href":"https:\/\/tvsensor.com\/api\/wp\/v2\/users\/59"}],"replies":[{"embeddable":true,"href":"https:\/\/tvsensor.com\/api\/wp\/v2\/comments?post=17218"}],"version-history":[{"count":1,"href":"https:\/\/tvsensor.com\/api\/wp\/v2\/posts\/17218\/revisions"}],"predecessor-version":[{"id":17236,"href":"https:\/\/tvsensor.com\/api\/wp\/v2\/posts\/17218\/revisions\/17236"}],"wp:featuredmedia":[{"embeddable":true,"href":"https:\/\/tvsensor.com\/api\/wp\/v2\/media\/17235"}],"wp:attachment":[{"href":"https:\/\/tvsensor.com\/api\/wp\/v2\/media?parent=17218"}],"wp:term":[{"taxonomy":"category","embeddable":true,"href":"https:\/\/tvsensor.com\/api\/wp\/v2\/categories?post=17218"},{"taxonomy":"post_tag","embeddable":true,"href":"https:\/\/tvsensor.com\/api\/wp\/v2\/tags?post=17218"}],"curies":[{"name":"wp","href":"https:\/\/api.w.org\/{rel}","templated":true}]}}