{"id":17213,"date":"2020-11-10T11:01:22","date_gmt":"2020-11-10T10:01:22","guid":{"rendered":"https:\/\/senzor.ba\/?p=17022"},"modified":"2024-01-15T21:43:18","modified_gmt":"2024-01-15T20:43:18","slug":"azerbejdzanci-slave-na-ulicama-i-porucuju-karabah-je-nas","status":"publish","type":"post","link":"https:\/\/tvsensor.com\/clanak\/azerbejdzanci-slave-na-ulicama-i-porucuju-karabah-je-nas\/","title":{"rendered":"Azerbejd\u017eanci slave na ulicama i poru\u010duju: Karabah je na\u0161"},"content":{"rendered":"\n<p>Nakon sporazuma s Armenijom o okon\u010danju sukoba u Nagorno-Karabahu gra\u0111ani Azerbejd\u017eana iza\u0161li su na ulice kako bi proslavili za njih veliki uspjeh.Poslije okon\u010danja sukoba i potpisa primirja, reakcije iz Azerbejd\u017eana i Armenije su u potpunosti druga\u010dije. Dok u Armeniji bukte neredi i nezadovoljstvo zbog sporazuma, Azerbejd\u017eanci su iza\u0161li na ulice i proslavili, za njihov narod, historijsku pobjedu.<\/p>\n\n\n\n<figure class=\"wp-block-embed-twitter wp-block-embed is-type-rich is-provider-twitter\"><div class=\"wp-block-embed__wrapper\">\n<blockquote class=\"twitter-tweet\" data-width=\"550\" data-dnt=\"true\"><p lang=\"en\" dir=\"ltr\">Azerbaijani people are celebrating their victory in Baku, after Armenian prime minister announced their surrender. <a href=\"https:\/\/twitter.com\/hashtag\/Azerbajian?src=hash&amp;ref_src=twsrc%5Etfw\">#Azerbajian<\/a> <a href=\"https:\/\/twitter.com\/hashtag\/Armenia?src=hash&amp;ref_src=twsrc%5Etfw\">#Armenia<\/a> <a href=\"https:\/\/twitter.com\/hashtag\/Baku?src=hash&amp;ref_src=twsrc%5Etfw\">#Baku<\/a> <a href=\"https:\/\/t.co\/0BM1dPwKyg\">pic.twitter.com\/0BM1dPwKyg<\/a><\/p>&mdash; MiddleEastWatch (@MiddleEastWatc1) <a href=\"https:\/\/twitter.com\/MiddleEastWatc1\/status\/1325950669325537281?ref_src=twsrc%5Etfw\">November 9, 2020<\/a><\/blockquote><script async src=\"https:\/\/platform.twitter.com\/widgets.js\" charset=\"utf-8\"><\/script>\n<\/div><\/figure>\n\n\n\n<p>Hiljade gra\u0111ana se okupilo na glavnom trgu u Ganji, drugom po veli\u010dini gradu u Azerbejd\u017eanu, te su uz ples i muziku proslavili potpisivanje sporazuma. Mnogi od njih nosili su pored zastava Azerbejd\u017eana i zastave Turske te su poru\u010dili kako su te dvije dr\u017eave bratske.<\/p>\n\n\n\n<figure class=\"wp-block-embed-twitter wp-block-embed is-type-rich is-provider-twitter\"><div class=\"wp-block-embed__wrapper\">\n<blockquote class=\"twitter-tweet\" data-width=\"550\" data-dnt=\"true\"><p lang=\"en\" dir=\"ltr\">Today Azerbaijani people, reminded us that while our road has been hard, while our journey has been long, we\u2019ve picked ourselves up, we\u2019ve fought our way back,&amp; we know in our hearts that for Azerbaijan,the best is yet to come!<br>Today is a truly historic day. <a href=\"https:\/\/twitter.com\/hashtag\/KarabakhisAzerbaijan?src=hash&amp;ref_src=twsrc%5Etfw\">#KarabakhisAzerbaijan<\/a> <a href=\"https:\/\/t.co\/g7StWKrJ9T\">pic.twitter.com\/g7StWKrJ9T<\/a><\/p>&mdash; Leyla Mammadova \ud83c\udde6\ud83c\uddff (@LeylaMammadovai) <a href=\"https:\/\/twitter.com\/LeylaMammadovai\/status\/1326056639481454592?ref_src=twsrc%5Etfw\">November 10, 2020<\/a><\/blockquote><script async src=\"https:\/\/platform.twitter.com\/widgets.js\" charset=\"utf-8\"><\/script>\n<\/div><\/figure>\n\n\n\n<figure class=\"wp-block-embed-twitter wp-block-embed is-type-rich is-provider-twitter\"><div class=\"wp-block-embed__wrapper\">\n<blockquote class=\"twitter-tweet\" data-width=\"550\" data-dnt=\"true\"><p lang=\"en\" dir=\"ltr\"><a href=\"https:\/\/twitter.com\/hashtag\/Baku?src=hash&amp;ref_src=twsrc%5Etfw\">#Baku<\/a> today <a href=\"https:\/\/twitter.com\/hashtag\/Israel?src=hash&amp;ref_src=twsrc%5Etfw\">#Israel<\/a> <a href=\"https:\/\/twitter.com\/hashtag\/Azerbaijan?src=hash&amp;ref_src=twsrc%5Etfw\">#Azerbaijan<\/a> <a href=\"https:\/\/t.co\/1GrLqp4GgE\">pic.twitter.com\/1GrLqp4GgE<\/a><\/p>&mdash; Brenda Shaffer (@ProfBShaffer) <a href=\"https:\/\/twitter.com\/ProfBShaffer\/status\/1326061076560011264?ref_src=twsrc%5Etfw\">November 10, 2020<\/a><\/blockquote><script async src=\"https:\/\/platform.twitter.com\/widgets.js\" charset=\"utf-8\"><\/script>\n<\/div><\/figure>\n\n\n\n<p>Pored zastava Turske, mnogi u Azerbejd\u017eanu proslavili su pobjedu i uz zastave Izraela kao znak zahvalnosti \u0161to je ova dr\u017eava bila uz njih u te\u0161kim vremenima. Upravo je pomo\u0107 Izraela prije svega u vojnoj opremi i naoru\u017eanju bila, prema mnogim analiti\u010darima, klju\u010d pobjede Azerbejd\u017eana u sukobu s Armenijom.<\/p>\n","protected":false},"excerpt":{"rendered":"<p>Nakon sporazuma s Armenijom o okon\u010danju sukoba u Nagorno-Karabahu gra\u0111ani Azerbejd\u017eana iza\u0161li su na ulice kako bi proslavili za njih veliki uspjeh.Poslije okon\u010danja sukoba i potpisa primirja, reakcije iz Azerbejd\u017eana i Armenije su u potpunosti druga\u010dije. Dok u Armeniji bukte neredi i nezadovoljstvo zbog sporazuma, Azerbejd\u017eanci su iza\u0161li na ulice i proslavili, za njihov narod, [&hellip;]<\/p>\n","protected":false},"author":59,"featured_media":17227,"comment_status":"open","ping_status":"closed","sticky":false,"template":"","format":"standard","meta":{"inline_featured_image":false,"footnotes":""},"categories":[41],"tags":[],"class_list":{"0":"post-17213","1":"post","2":"type-post","3":"status-publish","4":"format-standard","5":"has-post-thumbnail","7":"category-svijet"},"acf":[],"_links":{"self":[{"href":"https:\/\/tvsensor.com\/api\/wp\/v2\/posts\/17213","targetHints":{"allow":["GET"]}}],"collection":[{"href":"https:\/\/tvsensor.com\/api\/wp\/v2\/posts"}],"about":[{"href":"https:\/\/tvsensor.com\/api\/wp\/v2\/types\/post"}],"author":[{"embeddable":true,"href":"https:\/\/tvsensor.com\/api\/wp\/v2\/users\/59"}],"replies":[{"embeddable":true,"href":"https:\/\/tvsensor.com\/api\/wp\/v2\/comments?post=17213"}],"version-history":[{"count":1,"href":"https:\/\/tvsensor.com\/api\/wp\/v2\/posts\/17213\/revisions"}],"predecessor-version":[{"id":17228,"href":"https:\/\/tvsensor.com\/api\/wp\/v2\/posts\/17213\/revisions\/17228"}],"wp:featuredmedia":[{"embeddable":true,"href":"https:\/\/tvsensor.com\/api\/wp\/v2\/media\/17227"}],"wp:attachment":[{"href":"https:\/\/tvsensor.com\/api\/wp\/v2\/media?parent=17213"}],"wp:term":[{"taxonomy":"category","embeddable":true,"href":"https:\/\/tvsensor.com\/api\/wp\/v2\/categories?post=17213"},{"taxonomy":"post_tag","embeddable":true,"href":"https:\/\/tvsensor.com\/api\/wp\/v2\/tags?post=17213"}],"curies":[{"name":"wp","href":"https:\/\/api.w.org\/{rel}","templated":true}]}}