{"id":17211,"date":"2020-11-10T09:43:28","date_gmt":"2020-11-10T08:43:28","guid":{"rendered":"https:\/\/senzor.ba\/?p=17015"},"modified":"2024-01-15T21:43:18","modified_gmt":"2024-01-15T20:43:18","slug":"in-memoriam-preminuo-profesor-samir-beglerovic","status":"publish","type":"post","link":"https:\/\/tvsensor.com\/clanak\/in-memoriam-preminuo-profesor-samir-beglerovic\/","title":{"rendered":"In memoriam \/ Preminuo profesor Samir Beglerovi\u0107"},"content":{"rendered":"\n<p>Profesor sa Fakulteta islamskih nauka u Sarajevu&nbsp;<strong>Samir Beglerovi\u0107<\/strong>&nbsp;preminuo je&nbsp;<strong>sino\u0107&nbsp;od posljedica COVID-19 infekcije.<\/strong><\/p>\n\n\n\n<p>Uva\u017eeni prof.dr. Beglerovi\u0107 ro\u0111en je u Sarajevo 14. jula 1973. godine. Zavr\u0161io je osnovnu \u0161kolu &#8220;Hasan Kiki\u0107&#8221;, a potom Prvu gimnaziju 1991. godine.<\/p>\n\n\n\n<p>Nakon srednje \u0161kole upisuje i uspje\u0161no okon\u010dava Fakultet islamskih nauka u Sarajevu 2000.&nbsp;godine.<\/p>\n\n\n\n<p>Doktorirao je iz oblasti akaida i tesavvufa na temu: \u201e'Abd alQ\u0101dir al-\u0120ayl\u0101n\u012b i dervi\u0161ki red kaderija\u201c.<\/p>\n\n\n\n<p><strong>Predavao je na katedri za akaid (dogmatiku) i uporedne religije na Fakultetu islamskih nauka u Sarajevu.<\/strong><\/p>\n\n\n\n<p>Brojni prijatelji, studenti i kolege opra\u0161taju se od uva\u017eenog profesora.<\/p>\n","protected":false},"excerpt":{"rendered":"<p>Profesor sa Fakulteta islamskih nauka u Sarajevu&nbsp;Samir Beglerovi\u0107&nbsp;preminuo je&nbsp;sino\u0107&nbsp;od posljedica COVID-19 infekcije. Uva\u017eeni prof.dr. Beglerovi\u0107 ro\u0111en je u Sarajevo 14. jula 1973. godine. Zavr\u0161io je osnovnu \u0161kolu &#8220;Hasan Kiki\u0107&#8221;, a potom Prvu gimnaziju 1991. godine. Nakon srednje \u0161kole upisuje i uspje\u0161no okon\u010dava Fakultet islamskih nauka u Sarajevu 2000.&nbsp;godine. Doktorirao je iz oblasti akaida i tesavvufa [&hellip;]<\/p>\n","protected":false},"author":7,"featured_media":17247,"comment_status":"open","ping_status":"closed","sticky":false,"template":"","format":"standard","meta":{"inline_featured_image":false,"footnotes":""},"categories":[57],"tags":[],"class_list":{"0":"post-17211","1":"post","2":"type-post","3":"status-publish","4":"format-standard","5":"has-post-thumbnail","7":"category-religija"},"acf":[],"_links":{"self":[{"href":"https:\/\/tvsensor.com\/api\/wp\/v2\/posts\/17211","targetHints":{"allow":["GET"]}}],"collection":[{"href":"https:\/\/tvsensor.com\/api\/wp\/v2\/posts"}],"about":[{"href":"https:\/\/tvsensor.com\/api\/wp\/v2\/types\/post"}],"author":[{"embeddable":true,"href":"https:\/\/tvsensor.com\/api\/wp\/v2\/users\/7"}],"replies":[{"embeddable":true,"href":"https:\/\/tvsensor.com\/api\/wp\/v2\/comments?post=17211"}],"version-history":[{"count":1,"href":"https:\/\/tvsensor.com\/api\/wp\/v2\/posts\/17211\/revisions"}],"predecessor-version":[{"id":17248,"href":"https:\/\/tvsensor.com\/api\/wp\/v2\/posts\/17211\/revisions\/17248"}],"wp:featuredmedia":[{"embeddable":true,"href":"https:\/\/tvsensor.com\/api\/wp\/v2\/media\/17247"}],"wp:attachment":[{"href":"https:\/\/tvsensor.com\/api\/wp\/v2\/media?parent=17211"}],"wp:term":[{"taxonomy":"category","embeddable":true,"href":"https:\/\/tvsensor.com\/api\/wp\/v2\/categories?post=17211"},{"taxonomy":"post_tag","embeddable":true,"href":"https:\/\/tvsensor.com\/api\/wp\/v2\/tags?post=17211"}],"curies":[{"name":"wp","href":"https:\/\/api.w.org\/{rel}","templated":true}]}}