{"id":17029,"date":"2020-11-10T11:58:29","date_gmt":"2020-11-10T10:58:29","guid":{"rendered":"https:\/\/senzor.ba\/?p=17029"},"modified":"2024-01-15T21:43:18","modified_gmt":"2024-01-15T20:43:18","slug":"schwarz-schilling-medjunarodna-zajednica-treba-biti-strozija-prema-dodiku-i-covicu","status":"publish","type":"post","link":"https:\/\/tvsensor.com\/clanak\/schwarz-schilling-medjunarodna-zajednica-treba-biti-strozija-prema-dodiku-i-covicu\/","title":{"rendered":"Schwarz-Schilling: Me\u0111unarodna zajednica treba biti stro\u017eija prema Dodiku i \u010covi\u0107u"},"content":{"rendered":"\n<p><strong>Dragan \u010covi\u0107 i Milorad Dodik<\/strong>&nbsp;testiraju strpljenje me\u0111unarodne zajednice, upozorio je biv\u0161i visoki predstavnik&nbsp;<strong>Christian Schwarz-Schillingu<\/strong>&nbsp;intervjuu za&nbsp;<strong>Fondaciju Heinrich B\u00f6ll<\/strong>&nbsp;povodom 25. godi\u0161njice Dejtonskog mirovnog sporazuma, dodav\u0161i kako trenutni visoki predstavnik ima instrumente da djeluje te kako vjeruje da \u0107e se to brzo i desiti.<\/p>\n\n\n\n<p><strong>Fondaciju Heinrich B\u00f6ll: Dvadeset peta godi\u0161njica potpisivanja Dejtonskog mirovnog sporazuma poslu\u017eila je kao prilika za brojne nacionaliste u regiji da napadnu dr\u017eavni ustav Bosne i Hercegovine. Kako gledate na to?<\/strong><\/p>\n\n\n\n<p><strong>Schwarz-Schilling:&nbsp;<\/strong>Na\u017ealost, nacionalisti upotrebljavaju svaku politi\u010dku priliku, kao \u0161to je i 25. godi\u0161njica Dejtonskog mirovnog sporazuma da nametnu svoje nacionalisti\u010dke i secesionisti\u010dke slogane. \u017dalosno, ali to je dnevni red u BiH, a najgore od svega je da su se svi navikli na to; kako Bosanci tako i me\u0111unarodna zajednica. Prije 15 godina ovakve stvari se ne bi tolerisale. Danas, samo to primijetimo, i to je sve. Pitamo se koliko dugo tako?<\/p>\n\n\n\n<p><strong>Fondaciju Heinrich B\u00f6ll. \u010cini se kako su Milorad Dodik, srpski \u010dlan Predsjedni\u0161tva BiH i Dragan \u010covi\u0107, lider HDZ BiH, sklopili pakt i udru\u017eili se za secesiju s jedne strane i za jedinstvo svojih etni\u010dkih skupina s druge strane. Oba poku\u0161aja su u suprotnosti sa trenutnim dejtonskim Ustavom i vode ka raspadu zemlje. Kakav je plan?&nbsp;<\/strong><\/p>\n\n\n\n<p><strong>Schwarz-Schilling:&nbsp;<\/strong>Ni\u0161ta od toga nije novo. Ovo je problem ve\u0107 du\u017ee vrijeme. Plan je da se kreira tre\u0107i entitet \u2013 to je ono \u0161to Hrvati \u017eele, dok Srbi \u017eele otcjepljenje (entiteta) Republike Srpske od BiH. Ali znaju jako dobro da je to nemogu\u0107e. Ipak, nastavljaju tu igru zajedno, s ciljem da posiju brigu i strah me\u0111u stanovni\u0161tvom, kako bi zadr\u017eali mo\u0107 i manipulirali izborima. Dok to rade, testiraju strpljenje me\u0111unarodne zajednice, jer sve ono \u0161to rade je u suprotnosti sa zakonima koji su na snazi&#8221;,&nbsp;izjavio je biv\u0161i visoki predstavnik za&nbsp;<a href=\"https:\/\/ba.boell.org\/en\/2020\/11\/09\/angriffe-auf-bosnien-und-herzegowina-kroatien-und-serbien-bringen-den-frieden-gefahr\" target=\"_blank\" rel=\"noreferrer noopener\">Fondaciju Heinrich B\u00f6ll<\/a>.<\/p>\n\n\n\n<p><strong>Fondaciju Heinrich B\u00f6ll: Koliko su opasne ove politike za multietni\u010dku prirodu BiH koja je protumodel politikama etni\u010dki \u010distih teritorija, koje su dovodile do ozbiljnih zlo\u010dina kao \u0161to je bio srebreni\u010dki genocid?<\/strong><\/p>\n\n\n\n<p><strong>Schwarz-Schilling:&nbsp;<\/strong>Ovakva politika, udru\u017eena s propagandom i porukama mr\u017enje je zaista jako opasna. Oni predstavljaju trajnu prijetnju miru u regiji. Kada se konstantno susre\u0107ete sa porukama mr\u017enje, secesionisti\u010dkim i nacionalisti\u010dkim sloganima sa svih strana, to vodi mnoge u politi\u010dki ekstremizam, gdje vi\u0161e ne postoji pri\u010da o su\u017eivotu i multuetni\u010dkoj dr\u017eavi. To je kad mr\u017enja vlada, a to je jako opasno. U takvom okru\u017eenju trebate imati vrlo sna\u017ean karakter da bi prozreli istinu i pravi stav. Vidite kako je bitno imati iskrene politi\u010dare na vode\u0107im pozicijama,&nbsp;<\/p>\n\n\n\n<p><strong>Fondaciju Heinrich B\u00f6ll: SNSD, partija Milorada Dodika, i HDZ BiH Dragana \u010covi\u0107a su postavili ultimatum za reforme u BiH. Visoki predstavnik Valentin Inzko ve\u0107 je odgovorio rekav\u0161i kako nema odstupanja od trenutnog plana za BiH. Da li je dovoljno sti\u0161ati napada\u010de?<\/strong><\/p>\n\n\n\n<p><strong>Schwarz-Schilling:&nbsp;<\/strong>Nije samo Inzko upozorio na ova opasna de\u0161avanja. Zemlje Kvinte, ameri\u010dki ambasador Nelson, \u010dlanice Vije\u0107a za implementaciju mira, su jasno rekli kako se Dejtonski sporazum ne smije potkopavati, ali to o\u010dito nije bilo dovoljno. Dok god me\u0111unarodna zajednica ne poduzima stro\u017eije mjere, HDZ i SNSD \u0107e postajati sve vi\u0161e i vi\u0161e drski. Mislim da moramo djelovati odlu\u010dnije i ne ostavljati sve samo na upozorenjima. Visoki predstavnik ima instrumente da to uradi. Ono \u0161to je potrebno je odgovaraju\u0107a politi\u010dka volja. Mislim da \u0107e se to brzo desiti.<\/p>\n\n\n\n<p><strong>Fondaciju Heinrich B\u00f6ll: Agende SNSD-a i HDZ BiH-a podsje\u0107aju na ekstremisti\u010dke politike devedesetih, kada su Predsjednik Hrvatske Franjo Tu\u0111man i njegov kolega u Srbiji Slobodan Milo\u0161evi\u0107 podijelili BiH na sastanku u Kara\u0111or\u0111evu. Vidite li nastavak toga u trenutnim de\u0161avanjima?<\/strong><\/p>\n\n\n\n<p><strong>Schwarz-Schilling:&nbsp;<\/strong>Da, naravno. Srbija nikad nije napustila te\u017enje ka Velikoj Srbiji. Isto tako i Hrvatska. Obje susjedne zemlje se pona\u0161aju kao da je Bosna njihova kolonija. Nevjerovatno je kako zaobilaze i ignori\u0161u bosanske dr\u017eavne institucije. HDZ BiH i SNSD se pona\u0161aju na takav na\u010din jer osje\u0107aju podr\u0161ku Srbije i Hrvatske u svojim namjerama.<\/p>\n\n\n\n<p><strong>Fondaciju Heinrich B\u00f6ll: Srbija se trenutno mije\u0161a u razna pitanja u regiji, uklju\u010duju\u0107i i izbore u Crnoj Gori. Postoje li i dalje velikosrpski ciljevi u Beogradu?<\/strong><\/p>\n\n\n\n<p><strong>Schwarz-Schilling:&nbsp;<\/strong>Naravno. Taj plan je i dalje aktualan i svi vrijedno rade na tome. Srbijanski predsjednik Aleksandar Vu\u010di\u0107 , Dodik, Srpska pravoslavna crkva \u2013 svi u\u017eivaju podr\u0161ku Rusije u tome. Posljedica su nemiri i nestabilnost na Balkanu. Sa svojim namjerama, Hrvatska i Srbija rizikuju dugotrajni mir.<\/p>\n\n\n\n<p><strong>Fondaciju Heinrich B\u00f6ll: Desili su se neki sastanci koji su pokazali negativan uticaj Hrvatske na trenutni mir na Balkanu (kao npr sastanak predsjednika Zorana Milanovi\u0107a s Dodikom). Kako to da se najmla\u0111a EU \u010dlanica mije\u0161a u unutra\u0161nja pitanja druge dr\u017eave, o\u010dito veli\u010daju\u0107i neke od svojih ranijih zlo\u010dina (kriminalnu paradr\u017eavu Herceg-Bosnu) umjesto zauzimaju\u0107i kriti\u010dki stav prema tome?<\/strong><\/p>\n\n\n\n<p><strong>Schwarz-Schilling:&nbsp;<\/strong>Stvari uvijek ovise o prirodi vode\u0107oj politi\u010dkoj strukturi zemlje. HDZ u Hrvatskoj odlu\u010duje o politikama zemlje a, kao u vrijeme biv\u0161eg predsjednika Tu\u0111mana, ona je nacionalisti\u010dka i sve osim prijateljska naspram BiH. Tu mo\u017eemo primijetiti interakciju dva HDZ-a koja ima prili\u010dno negativne refleksije na BiH. Podupiru se u destruktivnoj politici prema BiH. Hrvatski predsjednik Milanovi\u0107 je socijaldemokrat, ali kada \u010ditate njegove izjave, imate dojam da predstavlja HDZ. Samo se sjetite perioda kada je Stjepan Mesi\u0107 bio predsjednik Hrvatske. U to vrijeme ovakve situacije su bile nezamislive.<\/p>\n","protected":false},"excerpt":{"rendered":"<p>Dragan \u010covi\u0107 i Milorad Dodik&nbsp;testiraju strpljenje me\u0111unarodne zajednice, upozorio je biv\u0161i visoki predstavnik&nbsp;Christian Schwarz-Schillingu&nbsp;intervjuu za&nbsp;Fondaciju Heinrich B\u00f6ll&nbsp;povodom 25. godi\u0161njice Dejtonskog mirovnog sporazuma, dodav\u0161i kako trenutni visoki predstavnik ima instrumente da djeluje te kako vjeruje da \u0107e se to brzo i desiti. Fondaciju Heinrich B\u00f6ll: Dvadeset peta godi\u0161njica potpisivanja Dejtonskog mirovnog sporazuma poslu\u017eila je kao prilika [&hellip;]<\/p>\n","protected":false},"author":59,"featured_media":17245,"comment_status":"open","ping_status":"closed","sticky":false,"template":"","format":"standard","meta":{"inline_featured_image":false,"footnotes":""},"categories":[75],"tags":[],"class_list":{"0":"post-17029","1":"post","2":"type-post","3":"status-publish","4":"format-standard","5":"has-post-thumbnail","7":"category-intervju"},"acf":[],"_links":{"self":[{"href":"https:\/\/tvsensor.com\/api\/wp\/v2\/posts\/17029","targetHints":{"allow":["GET"]}}],"collection":[{"href":"https:\/\/tvsensor.com\/api\/wp\/v2\/posts"}],"about":[{"href":"https:\/\/tvsensor.com\/api\/wp\/v2\/types\/post"}],"author":[{"embeddable":true,"href":"https:\/\/tvsensor.com\/api\/wp\/v2\/users\/59"}],"replies":[{"embeddable":true,"href":"https:\/\/tvsensor.com\/api\/wp\/v2\/comments?post=17029"}],"version-history":[{"count":1,"href":"https:\/\/tvsensor.com\/api\/wp\/v2\/posts\/17029\/revisions"}],"predecessor-version":[{"id":17246,"href":"https:\/\/tvsensor.com\/api\/wp\/v2\/posts\/17029\/revisions\/17246"}],"wp:featuredmedia":[{"embeddable":true,"href":"https:\/\/tvsensor.com\/api\/wp\/v2\/media\/17245"}],"wp:attachment":[{"href":"https:\/\/tvsensor.com\/api\/wp\/v2\/media?parent=17029"}],"wp:term":[{"taxonomy":"category","embeddable":true,"href":"https:\/\/tvsensor.com\/api\/wp\/v2\/categories?post=17029"},{"taxonomy":"post_tag","embeddable":true,"href":"https:\/\/tvsensor.com\/api\/wp\/v2\/tags?post=17029"}],"curies":[{"name":"wp","href":"https:\/\/api.w.org\/{rel}","templated":true}]}}