{"id":16994,"date":"2020-11-09T08:48:10","date_gmt":"2020-11-09T07:48:10","guid":{"rendered":"https:\/\/senzor.ba\/?p=16994"},"modified":"2024-01-15T21:43:19","modified_gmt":"2024-01-15T20:43:19","slug":"video-joe-biden-prije-dvije-decenije-nema-nacina-da-se-bih-podijeli","status":"publish","type":"post","link":"https:\/\/tvsensor.com\/clanak\/video-joe-biden-prije-dvije-decenije-nema-nacina-da-se-bih-podijeli\/","title":{"rendered":"(VIDEO) Joe Biden prije dvije decenije: Nema na\u010dina da se BiH podijeli"},"content":{"rendered":"\n<figure class=\"wp-block-embed-youtube wp-block-embed is-type-video is-provider-youtube wp-embed-aspect-4-3 wp-has-aspect-ratio\"><div class=\"wp-block-embed__wrapper\">\n<iframe loading=\"lazy\" title=\"Envera Selimovic - Intervju - Joseph Biden\" width=\"696\" height=\"522\" src=\"https:\/\/www.youtube.com\/embed\/8_JPESZEu38?feature=oembed&#038;enablejsapi=1\" frameborder=\"0\" allow=\"accelerometer; autoplay; clipboard-write; encrypted-media; gyroscope; picture-in-picture\" allowfullscreen><\/iframe>\n<\/div><\/figure>\n\n\n\n<p>Novoizabrani predsjednik Sjedinjenih Ameri\u010dkih Dr\u017eava Joe Biden je u vrijeme obna\u0161anja funkcije \u010dlana Senata prije dvije decenije, bio jedan od onih koji je stalno pitao za\u0161to se ne poduzimaju konkretne akcije po pitanju BiH te je u vrijeme najte\u017ee krize, genocida u Srebrenici, neumoljivo prozivao ameri\u010dku administraciju da poduzme promptne akcije.<\/p>\n\n\n\n<p>U to vrijeme je bez imalo rezerve tra\u017eio da se sve u\u010dini za o\u010duvanje jedinstvene i multietni\u010dke Bosne i Hercegovine.<\/p>\n\n\n\n<p>U Intervjuu za Televiziju BiH koji je radila novinaraka Envera Selimovi\u0107 1999. godine, Biden je govorio je o tome \u0161ta je trebalo a \u0161ta nije u\u010dinjeno po pitanju rata, o Slobodanu Milo\u0161evi\u0107u, Harisu Silajd\u017ei\u0107u i Aliji Izetbegovi\u0107u te o Billu Clintonu i njegovoj doktrini.<\/p>\n\n\n\n<p>Kada se spomene BiH, Biden je kazao da prvo pomisli da je to prelijepa zemlja, puna nadarenih ljudi, koje je zadesila velika nesre\u0107a.<\/p>\n\n\n\n<p>Smatra da je ono \u0161to se de\u0161avalo s Milo\u0161evi\u0107em 1989. godine predstavljalo ponavljanje obrasca mr\u017enje i zaraze koja se koristi kao politi\u010dki govor te da se iz tog razloga tako strastveno zalagao za BiH.<\/p>\n\n\n\n<p>Smatrao je da je najve\u0107e pitanje u vezi ameri\u010dke vanjske politike ho\u0107e li biti internacionalisti ili \u0107e ostati izolirani.<\/p>\n\n\n\n<p>\u2013 U Evropi postoje pametni i divni ljudi, ali smatram da Evropa nije dosegla ta\u010dku politi\u010dke zrelosti, odnosno da nisu u stanju rije\u0161iti svoje probleme bez vanjskih utjecaja, poput SAD-a \u2013 tvrdio je tada Biden.<\/p>\n\n\n\n<p>Da su se SAD u nekom slu\u010daju izolirale od slu\u010daja u BiH, kazao je Biden, taj problem nikada ne bi bio rije\u0161en.<\/p>\n\n\n\n<p>Govore\u0107i o kori\u0161tenju sile SAD-a kao najja\u010de super-sile na svijetu, Biden je tada kazao da oni nisu imali ni teritorijalne ni ekonomske ni politi\u010dke interese na Balkanu.<\/p>\n\n\n\n<p>\u2013 U slu\u010daju Kosova smo rekli, to je to. Bombardirat \u0107emo ovo mjesto, hajde da to rije\u0161imo. A razlog za\u0161to smo to uradili je jer niko drugi nije htio reagovati. To je bio haos! \u2013 kazao je Biden.<\/p>\n\n\n\n<p>Smatra da je Amerika pravila gre\u0161ke, ali da su to gre\u0161ke napravljene \u2018od srca\u2019, ali ne iz pohlepe ili \u017eelje za dominacijom.<\/p>\n\n\n\n<p>Da tada\u0161nji predsjednik SAD-a Bill Clinton nije djelovao, dodao je Biden, neuspjeh bi bio zagarantiran.<\/p>\n\n\n\n<p>\u2013 BiH ima jo\u0161 puno toga da pro\u0111e. Dayton jo\u0161 nije potpuno implementiran, ali bar ste sigurni da va\u0161a majka ili otac ne\u0107e biti ubijeni. Kada iza\u0111ete s posla u kafi\u0107 u Sarajevu, sigurni ste da vas ne\u0107e upucati snajper s brda. Ponekad mjerimo uspjeh na na\u010din koji nije realisti\u010dan \u2013 kazao je tada.<\/p>\n\n\n\n<p>Prisjetio se sastanka sa Milo\u0161evi\u0107em u Beogradu, kada je odbio na\u0107i s njim pred medijima ili po danu, jer mu nije htio dati legitimitet.<\/p>\n\n\n\n<p>\u2013 U pola razgovora sam mu kazao da mislim da je \u2018vra\u017eiji ratni zlo\u010dinac\u2019 i da mu treba biti su\u0111eno. U tom trenutku je u sobu u\u0161ao Karad\u017ei\u0107, za kojeg je Milo\u0161evi\u0107 tvrdio da nad njim nema kontrolu. I bilo je vrlo jasno, a to sam i rekao na\u0161em predsjedniku Clintonu, da je na\u0161a politika u vezi BiH pogre\u0161na. Embargo na naoru\u017eanje samo utvr\u0111uje prednost koju imaju Srbi i moramo koristiti zra\u010dne snage da sprije\u010dimo vojsku Jugoslavije da prelaze Drinu \u2013 prisjetio se tada Biden.<\/p>\n\n\n\n<p>Tako\u0111er je nagla\u0161avao da je bio jedini koji je predsjednika Clintona savjetovao da intervenira, dok su mu svi ostali, uklju\u010duju\u0107i Republikance i Evropu, govorili da se ne mije\u0161a te da je Clinton, nakon \u0161to je utvrdio \u0161ta se de\u0161ava, slijedio instinkt.<\/p>\n\n\n\n<p>\u2013 Mo\u017eemo re\u0107i da je bio spor, ali je i protiv mi\u0161ljenja javnog mnijenja u Americi, kazao da \u0107e upotrijebiti ameri\u010dku silu. Da se to nije desilo, mislite li da bi ijedan evropski vojnik oti\u0161ao u Bosnu ili na Kosovo \u2013 istakao je Biden.<\/p>\n\n\n\n<p>Da je Milo\u0161evi\u0107 uspio, Biden je tada ustvrdio, da bi sudbina Evrope bila zape\u010da\u0107ena za jo\u0161 jednu deceniju.<\/p>\n\n\n\n<p>\u2013 Clintonova ostav\u0161tina je u BiH i Kosovu, jer nije dozvolio genocidno pona\u0161anje u SAD-u i u svijetu \u2013 rekao je Biden.<\/p>\n\n\n\n<p>Govore\u0107i o Daytonskom sporazumu, Biden je kazao da se rat morao zavr\u0161iti, kako bi se zemlja po\u010dela obnavljati.<\/p>\n\n\n\n<p>\u2013 Ali prvi put od kako je potpisan Daytonski sporazum, lideri u BiH po\u010dinju shvatiti da nema budu\u0107nosti u Zagrebu i Beogradu. Budu\u0107nost je u BiH \u2013 rekao je prije 20 godina Biden.<\/p>\n\n\n\n<p>Dodao je da Milorad Dodik, tada\u0161nji premijer Republike Srpske, ne radi dovoljno na povratku Bo\u0161njaka i Hrvata u taj bh. entitet.<\/p>\n\n\n\n<p>\u2013 Nema na\u010dina da se BiH podijeli, a da ne bude u\u010dinjen presedan da se definicija pripadnosti narodu bazira samo na nacionalnostima \u2013 istakao je tada\u0161nji senator Joe Biden.<\/p>\n\n\n\n<p>Za tada\u0161njeg predsjednika Hrvatske Franju Tu\u0111mana, kazao je da nije koristan igra\u010d, da Harisa Silajd\u017ei\u0107a smatra bliskim li\u010dnim prijateljem, dok je za Aliju Izetbegovi\u0107a kazao da ga dugo poznaje, ali da mora biti energi\u010dniji u odr\u017eavanju bo\u0161nja\u010dkog dijela obaveza.<\/p>\n","protected":false},"excerpt":{"rendered":"<p>Novoizabrani predsjednik Sjedinjenih Ameri\u010dkih Dr\u017eava Joe Biden je u vrijeme obna\u0161anja funkcije \u010dlana Senata prije dvije decenije, bio jedan od onih koji je stalno pitao za\u0161to se ne poduzimaju konkretne akcije po pitanju BiH te je u vrijeme najte\u017ee krize, genocida u Srebrenici, neumoljivo prozivao ameri\u010dku administraciju da poduzme promptne akcije. U to vrijeme je [&hellip;]<\/p>\n","protected":false},"author":59,"featured_media":17252,"comment_status":"open","ping_status":"closed","sticky":false,"template":"","format":"video","meta":{"inline_featured_image":false,"footnotes":""},"categories":[75],"tags":[],"class_list":{"0":"post-16994","1":"post","2":"type-post","3":"status-publish","4":"format-video","5":"has-post-thumbnail","7":"category-intervju","8":"post_format-post-format-video"},"acf":[],"_links":{"self":[{"href":"https:\/\/tvsensor.com\/api\/wp\/v2\/posts\/16994","targetHints":{"allow":["GET"]}}],"collection":[{"href":"https:\/\/tvsensor.com\/api\/wp\/v2\/posts"}],"about":[{"href":"https:\/\/tvsensor.com\/api\/wp\/v2\/types\/post"}],"author":[{"embeddable":true,"href":"https:\/\/tvsensor.com\/api\/wp\/v2\/users\/59"}],"replies":[{"embeddable":true,"href":"https:\/\/tvsensor.com\/api\/wp\/v2\/comments?post=16994"}],"version-history":[{"count":2,"href":"https:\/\/tvsensor.com\/api\/wp\/v2\/posts\/16994\/revisions"}],"predecessor-version":[{"id":17253,"href":"https:\/\/tvsensor.com\/api\/wp\/v2\/posts\/16994\/revisions\/17253"}],"wp:featuredmedia":[{"embeddable":true,"href":"https:\/\/tvsensor.com\/api\/wp\/v2\/media\/17252"}],"wp:attachment":[{"href":"https:\/\/tvsensor.com\/api\/wp\/v2\/media?parent=16994"}],"wp:term":[{"taxonomy":"category","embeddable":true,"href":"https:\/\/tvsensor.com\/api\/wp\/v2\/categories?post=16994"},{"taxonomy":"post_tag","embeddable":true,"href":"https:\/\/tvsensor.com\/api\/wp\/v2\/tags?post=16994"}],"curies":[{"name":"wp","href":"https:\/\/api.w.org\/{rel}","templated":true}]}}