{"id":16982,"date":"2020-11-08T06:10:24","date_gmt":"2020-11-08T05:10:24","guid":{"rendered":"https:\/\/senzor.ba\/?p=16982"},"modified":"2024-01-15T21:43:19","modified_gmt":"2024-01-15T20:43:19","slug":"joe-biden-u-bijeloj-kuci-ili-kako-je-amerika-dobila-predsjednika-koji-najbolje-poznaje-bih-i-balkan","status":"publish","type":"post","link":"https:\/\/tvsensor.com\/clanak\/joe-biden-u-bijeloj-kuci-ili-kako-je-amerika-dobila-predsjednika-koji-najbolje-poznaje-bih-i-balkan\/","title":{"rendered":"Joe Biden u Bijeloj ku\u0107i ili kako je Amerika dobila predsjednika koji najbolje poznaje BiH i Balkan"},"content":{"rendered":"\n<p>Novi predsjednik Sjedinjenih Dr\u017eava Joe Biden po najmanje dvije karakteristike je prvi. Amerika nikad nije imala starijeg lidera (\u010dak 77 godina), ali niti predsjednika koji bolje poznaje prilike na Balkanu, posebno u Bosni i Hercegovini.Biden je devedesetih predstavljaju\u0107i Delaware u Senatu SAD bio \u010dlan Odbora za vanjske poslove u \u010dije ime je u aprilu 1993. na nedjelju dana otputovao u Evropu, kako bi iz prve ruke stvorio sliku o krvoproli\u0107u u ratovima tokom raspada Jugoslavije.<\/p>\n\n\n\n<p>Biden se za vrijeme te posjete u Sarajevu sastao sa Alijom Izetbegovi\u0107em, a u Beogradu Slobodanom Milo\u0161evi\u0107em. U Italiji su mu generali NATO-a referirali o stanju na rati\u0161tu. Po povratku u SAD Biden je sa\u010dinio izvje\u0161taj pod naslovom &#8220;<strong>Odupiranje agresiji. Milo\u0161evi\u0107, bosanska republika i savjest Zapada<\/strong>&#8221; koji je poslije \u010desto citiran.<\/p>\n\n\n\n<p>Nedavno ga se u Frankfurter Allgemeine Zeitungu prisjetio novinar Michael Martens kazav\u0161i kako je bio izuzetno jasan i dalekovid.<\/p>\n\n\n\n<figure class=\"wp-block-image size-large\"><img loading=\"lazy\" decoding=\"async\" width=\"999\" height=\"665\" src=\"https:\/\/tvsensor.com\/wp-content\/uploads\/2020\/11\/Screenshot_2-3.jpg\" alt=\"\" class=\"wp-image-16983\" srcset=\"https:\/\/tvsensor.com\/wp-content\/uploads\/2020\/11\/Screenshot_2-3.jpg 999w, https:\/\/tvsensor.com\/wp-content\/uploads\/2020\/11\/Screenshot_2-3-150x100.jpg 150w, https:\/\/tvsensor.com\/wp-content\/uploads\/2020\/11\/Screenshot_2-3-768x511.jpg 768w, https:\/\/tvsensor.com\/wp-content\/uploads\/2020\/11\/Screenshot_2-3-750x499.jpg 750w\" sizes=\"auto, (max-width: 999px) 100vw, 999px\" \/><\/figure>\n\n\n\n<p>&#8220;Da su vlade zemalja NATO u to vrijeme slijedile Bidenove preporuke, mogli su se izbje\u0107i stra\u0161ni masakri i desetine hiljada mrtvih na Balkanu. Ali, prijedlozi senatora postali su primjenjena politika tek godinama kasnije. Vidovitost Bidenove analize najjasnije se vidi u jednoj sporednoj re\u010denici, koja se retrospektivno \u010dini gotovo proro\u010danskom. Biden upozorava da \u0107e, ako Zapad ne bude djelovao &#8211; Srebrenica, mali grad u isto\u010dnoj Bosni, za koji u to vrijeme skoro niko nije \u010duo &#8211; postati Gernika na\u0161eg doba&#8221;, navodi on.<\/p>\n\n\n\n<p>Biden je ovu re\u010denicu napisao dvije godine i tri mjeseca prije nego se genocid zaista i desio. Novi ameri\u010dki predsjednik me\u0111u prvima je Milo\u0161evi\u0107a prozvao ratnim zloi\u010dincem, a prvi se zalagao za NATO intervenciju protiv srpskih snaga.<\/p>\n\n\n\n<p>O Bidenu kao odli\u010dnom poznavatelju prilika na Balkanu za Klix.ba govorio je i biv\u0161i ministar vanjskih poslova BiH i nekada\u0161nji lider SDP-a Zlatko Lagumd\u017eija. On je za Bidena kazao da \u0107e biti prvi ameri\u010dki predsjednik kojem ne\u0107e trebati savjetnik za ovaj dio svijeta &#8220;jer ga savr\u0161eno zna&#8221;.<\/p>\n\n\n\n<figure class=\"wp-block-image size-large\"><img loading=\"lazy\" decoding=\"async\" width=\"694\" height=\"378\" src=\"https:\/\/tvsensor.com\/wp-content\/uploads\/2020\/11\/Screenshot_3.jpg\" alt=\"\" class=\"wp-image-16984\" srcset=\"https:\/\/tvsensor.com\/wp-content\/uploads\/2020\/11\/Screenshot_3.jpg 694w, https:\/\/tvsensor.com\/wp-content\/uploads\/2020\/11\/Screenshot_3-150x82.jpg 150w\" sizes=\"auto, (max-width: 694px) 100vw, 694px\" \/><\/figure>\n\n\n\n<p>&#8220;Vjerujem da kada Biden do\u0111e ovdje da \u0107e oni koji ru\u0161e ovu zemlju biti unesre\u0107eni. Ali, mi koji volimo ovu zemlju nemojmo vjerovati da \u0107e Biden uraditi posao za nas. Nema ovdje nama ni\u0161ta bez nas. Biden nam mo\u017ee biti od velike pomo\u0107i, kao \u0161to Trump ne mo\u017ee pomo\u0107i Miloradu Dodiku da je razvali. Nemojte zaboraviti da je Dodik na crnu listu do\u0161ao kod Baracka Obame, a jedan od prvih Trumpovih dekreta je bilo produ\u017eavanje crne liste i jo\u0161 ga nije skinuo i ne\u0107e ga skinuti. Na ameri\u010dkoj crnoj listi je onaj koji &#8216;ru\u0161i Dejtonski mirovni sporazum i naru\u0161ava integritet, teritorijalnu cjelovitost i suverenitet Bosne i Hercegovine kao multietni\u010dkog dru\u0161tva&#8217;. To niko ne smije zaboraviti&#8221;, kazao je on.<\/p>\n\n\n\n<p>Klix.ba<\/p>\n","protected":false},"excerpt":{"rendered":"<p>Novi predsjednik Sjedinjenih Dr\u017eava Joe Biden po najmanje dvije karakteristike je prvi. Amerika nikad nije imala starijeg lidera (\u010dak 77 godina), ali niti predsjednika koji bolje poznaje prilike na Balkanu, posebno u Bosni i Hercegovini.Biden je devedesetih predstavljaju\u0107i Delaware u Senatu SAD bio \u010dlan Odbora za vanjske poslove u \u010dije ime je u aprilu 1993. [&hellip;]<\/p>\n","protected":false},"author":59,"featured_media":16985,"comment_status":"open","ping_status":"closed","sticky":false,"template":"","format":"standard","meta":{"inline_featured_image":false,"footnotes":""},"categories":[234],"tags":[],"class_list":{"0":"post-16982","1":"post","2":"type-post","3":"status-publish","4":"format-standard","5":"has-post-thumbnail","7":"category-politika"},"acf":[],"_links":{"self":[{"href":"https:\/\/tvsensor.com\/api\/wp\/v2\/posts\/16982","targetHints":{"allow":["GET"]}}],"collection":[{"href":"https:\/\/tvsensor.com\/api\/wp\/v2\/posts"}],"about":[{"href":"https:\/\/tvsensor.com\/api\/wp\/v2\/types\/post"}],"author":[{"embeddable":true,"href":"https:\/\/tvsensor.com\/api\/wp\/v2\/users\/59"}],"replies":[{"embeddable":true,"href":"https:\/\/tvsensor.com\/api\/wp\/v2\/comments?post=16982"}],"version-history":[{"count":2,"href":"https:\/\/tvsensor.com\/api\/wp\/v2\/posts\/16982\/revisions"}],"predecessor-version":[{"id":16987,"href":"https:\/\/tvsensor.com\/api\/wp\/v2\/posts\/16982\/revisions\/16987"}],"wp:featuredmedia":[{"embeddable":true,"href":"https:\/\/tvsensor.com\/api\/wp\/v2\/media\/16985"}],"wp:attachment":[{"href":"https:\/\/tvsensor.com\/api\/wp\/v2\/media?parent=16982"}],"wp:term":[{"taxonomy":"category","embeddable":true,"href":"https:\/\/tvsensor.com\/api\/wp\/v2\/categories?post=16982"},{"taxonomy":"post_tag","embeddable":true,"href":"https:\/\/tvsensor.com\/api\/wp\/v2\/tags?post=16982"}],"curies":[{"name":"wp","href":"https:\/\/api.w.org\/{rel}","templated":true}]}}